{"id":870273,"date":"2025-11-13T14:24:00","date_gmt":"2025-11-13T13:24:00","guid":{"rendered":"https:\/\/gradski.me\/?p=870273"},"modified":"2025-11-13T14:24:00","modified_gmt":"2025-11-13T13:24:00","slug":"rozaje-krivicna-prijava-protiv-osumnjicene-koja-je-zloupotrebom-polozaja-prisvojila-oko-2-000-eura","status":"publish","type":"post","link":"https:\/\/gradski.me\/en\/hronika\/rozaje-krivicna-prijava-protiv-osumnjicene-koja-je-zloupotrebom-polozaja-prisvojila-oko-2-000-eura\/","title":{"rendered":"Ro\u017eaje: Krivi\u010dna prijava protiv osumnji\u010dene koja je zloupotrebom polo\u017eaja prisvojila oko 2.000 eura"},"content":{"rendered":"<p>&#8222;Policijske aktivnosti preduzete u prethodnom periodu upu\u0107uju na sumnju da je Z.\u0110.D, kao lice zaposleno u jednom privrednom dru\u0161tvu \u2013 poslovnom centru, zloupotrebljavaju\u0107i svoj polo\u017eaj odnosno povjerenje u pogledu raspolaganja tu\u0111om imovinom \u2013 imovinom poslodavca, prilikom skeniranja artikala na terminalu za pla\u0107anje nezakonito umanjivala broj artikala unijetih u sistem za naplatu, dok je kupcima napla\u0107ivala punu cijenu artikala. Ona je na ovaj na\u010din, kako se sumnja, u periodu od maja do avgusta 2025. godine, sebi pribavila protivpravnu imovinsku korist u iznosu od oko 2.000 eura&#8220;, stoji u saop\u0161tenju.<\/p>\n\n\n\n<p>Policijski slu\u017ebenici, dodaju, nastavljaju sa aktivnostima usmjerenim na otkrivanje, sprje\u010davanje i suzbijanje svih oblika ekonomskog kriminala, radi smanjenja \u0161tetnih posljedica po bud\u017eet, suzbijanje sive ekonomije, omogu\u0107avanja zakonitog poslovanja privrednim dru\u0161tvima koja po\u0161tuju zakon i ja\u010danja vladavine prava.\u00a0\u00a0<\/p>","protected":false},"excerpt":{"rendered":"<p>Slu\u017ebenici Regionalnog centra bezbjednosti \u201eSjever\u201c \u2013 Odjeljenja bezbjednosti Ro\u017eaje su, sprovode\u0107i aktivnosti na suzbijanju krivi\u010dnih djela iz oblasti ekonomskog kriminaliteta, nadle\u017enom dr\u017eavnom tu\u017eiocu u Osnovnom dr\u017eavnom tu\u017eil\u0161tvu u Ro\u017eajama podnijeli krivi\u010dnu prijavu protiv Z.\u0110.D (34), zbog sumnje da je po\u010dinila krivi\u010dno djelo zloupotreba polo\u017eaja u privrednom poslovanju, saop\u0161teno je iz Uprave policije (UP).<\/p>","protected":false},"author":1,"featured_media":846253,"comment_status":"open","ping_status":"open","sticky":false,"template":"","format":"standard","meta":{"_acf_changed":false,"footnotes":"","jetpack_publicize_message":"","jetpack_publicize_feature_enabled":true,"jetpack_social_post_already_shared":false,"jetpack_social_options":{"image_generator_settings":{"template":"highway","default_image_id":0,"font":"","enabled":false},"version":2}},"categories":[10],"tags":[12325,2363,109],"naslovna":[],"class_list":["post-870273","post","type-post","status-publish","format-standard","has-post-thumbnail","hentry","category-hronika","tag-kricicna-prijava","tag-rozaje","tag-uprava-policije"],"acf":[],"jetpack_publicize_connections":[],"_links":{"self":[{"href":"https:\/\/gradski.me\/en\/wp-json\/wp\/v2\/posts\/870273","targetHints":{"allow":["GET"]}}],"collection":[{"href":"https:\/\/gradski.me\/en\/wp-json\/wp\/v2\/posts"}],"about":[{"href":"https:\/\/gradski.me\/en\/wp-json\/wp\/v2\/types\/post"}],"author":[{"embeddable":true,"href":"https:\/\/gradski.me\/en\/wp-json\/wp\/v2\/users\/1"}],"replies":[{"embeddable":true,"href":"https:\/\/gradski.me\/en\/wp-json\/wp\/v2\/comments?post=870273"}],"version-history":[{"count":0,"href":"https:\/\/gradski.me\/en\/wp-json\/wp\/v2\/posts\/870273\/revisions"}],"wp:featuredmedia":[{"embeddable":true,"href":"https:\/\/gradski.me\/en\/wp-json\/wp\/v2\/media\/846253"}],"wp:attachment":[{"href":"https:\/\/gradski.me\/en\/wp-json\/wp\/v2\/media?parent=870273"}],"wp:term":[{"taxonomy":"category","embeddable":true,"href":"https:\/\/gradski.me\/en\/wp-json\/wp\/v2\/categories?post=870273"},{"taxonomy":"post_tag","embeddable":true,"href":"https:\/\/gradski.me\/en\/wp-json\/wp\/v2\/tags?post=870273"},{"taxonomy":"naslovna","embeddable":true,"href":"https:\/\/gradski.me\/en\/wp-json\/wp\/v2\/naslovna?post=870273"}],"curies":[{"name":"wp","href":"https:\/\/api.w.org\/{rel}","templated":true}]}}