{"id":870068,"date":"2025-11-12T21:21:00","date_gmt":"2025-11-12T20:21:00","guid":{"rendered":"https:\/\/gradski.me\/?p=870068"},"modified":"2025-11-12T21:21:00","modified_gmt":"2025-11-12T20:21:00","slug":"adzic-moramo-da-napadnemo-i-pokazemo-zube-pobjeda-je-jedina-opcija","status":"publish","type":"post","link":"https:\/\/gradski.me\/en\/sport\/adzic-moramo-da-napadnemo-i-pokazemo-zube-pobjeda-je-jedina-opcija\/","title":{"rendered":"Ad\u017ei\u0107: Moramo da napadnemo i poka\u017eemo zube \u2013 pobjeda je jedina opcija"},"content":{"rendered":"<p>Vrijeme je za novo dokazivanje za nekada\u0161njeg virtuoza iz Nik\u0161i\u0107a u novoj ulozi, a na terenu \u0107e se mnogo o\u010dekivati od novog bisera iz grada pod Trebjesom, Vasilija Ad\u017ei\u0107a.<\/p>\n\n\n\n<p>Jedan od najve\u0107ih talenata crnogorskog fudbala je po\u010deo prethodne dvije utakmice za &#8222;hrabre sokole&#8220;, u me\u0111uvremenu dobijao \u0161ansu u Juventusu kao rezerva, a u petak \u0107e vjerovatno biti u startnoj postavi na gostovanju Gibraltaru.<\/p>\n\n\n\n<p>&#8222;O\u010dekivanja su kao i uvijek &#8211; kada se igra za reprezentaciju idemo na pobjedu, tako \u0107e biti i ovog puta. Mislim da smo kvalitetan tim i to moramo da poka\u017eemo na terenu kako bismo odnijeli sva tri boda&#8220;, rekao je 19-godi\u0161nji vezista.<\/p>\n\n\n\n<p>Crna Gora je na startu kvalifikacija za Mundijal u SAD, Kanadi i Meksiku savladala tim sa krajnjeg juga Pirineja 3:1, iako su u Nik\u0161i\u0107u gosti poveli.<\/p>\n\n\n\n<p>&#8222;Gledao sam tu utakmicu preko TV-a i vidio se njihov kvalitet, ali smo nakon njihovog gola stigli do ubjedljive pobjede. Mislim da smo zaslu\u017eili jo\u0161 neki gol da damo na osnovu \u0161ansi koje smo imali&#8220;, naglasio je Ad\u017ei\u0107.<\/p>\n\n\n\n<p>Recept je jasan &#8211; &#8222;sokoli&#8220; \u017eele da dominiraju.<\/p>\n\n\n\n<p>&#8222;Uvijek kada igramo trebalo bi da napadnemo protivnika i poka\u017eemo zube, da ne bi trebalo da se pla\u0161imo ikoga. Iza\u0107i \u0107emo od starta i pokazati da \u017eelimo da diktiramo tempo&#8220;.<\/p>\n\n\n\n<p>Kao i u Tor\u0161aunu, gdje su do\u017eivjeli bolan poraz, Vu\u010dini\u0107eve izabranike i na &#8222;Stadionu Viktorija&#8220; \u010deka vje\u0161ta\u010dka podloga.<\/p>\n\n\n\n<p>&#8222;Iskreno, \u010duo sam da je vje\u0161ta\u010dka trava druga\u010dija na Gibraltaru i da je dosta te\u017ea za igranje, tvr\u0111a. Iskreno se nadam da \u0107e biti skva\u0161en teren kako bi lopta i\u0161la br\u017ee, ali kako je nama, tako i njima. Oni su mo\u017eda malo vi\u0161e navikli jer igraju stalno na toj podlozi, ali i mi treniramo dva-tri dana na njoj kako bismo se adaptirali i sigurno nam to poma\u017ee u pripremi ovog me\u010da&#8220;, jasan je mladi Nik\u0161i\u0107anin.<\/p>\n\n\n\n<p>Jasno je da je neophodna bolja igra nego u oktobarskim duelima.<\/p>\n\n\n\n<p>&#8222;Tada je bilo dosta negativnih stvari, ali iz njih moramo da u\u010dimo. Onako kako smo igrali protiv Farskih Ostrva nije na\u010din na koji bi trebalo da radimo na\u0161 posao. Uslijedila je te\u0161ka pobjeda protiv Lihten\u0161tajna, ali i te kako zaslu\u017eena. To mo\u017ee da bude po\u010detak dobrih rezultata i svega \u0161to donosi sljede\u0107a godina&#8220;.<\/p>\n\n\n\n<p><strong><em>Osje\u0107ate li pritisak?<\/em><\/strong><\/p>\n\n\n\n<p>&#8222;Gleda vas cijela dr\u017eava, imate odre\u0111en pritisak, ali to ne bi trebalo shvatati tako, ve\u0107 kao privilegiju da igrate za svoju dr\u017eavu. Sve gledam s pozitivne strane, potrebno je da u\u0111emo u utakmicu bez gledanja u pro\u0161lost, jer je ova grupa momaka dosta puta pokazala da mo\u017ee da odradi sjajne stvari kad se radi kako bi trebalo. Mislim da \u0107e biti sve kako \u017eelimo ovoga puta i da \u0107emo pokazati ono \u0161to se o\u010dekuje od nas&#8220;.<\/p>\n\n\n\n<p>Tri dana nakon gostovanja na Gibraltaru, Crnu Goru \u010deka spektakl pod Goricom &#8211; duel sa Hrvatskom. &#8222;Vatreni&#8220; \u0107e juriti pobjedu da bi na \u017erijebu za Mundijal bili u prvom \u0161e\u0161iru, a &#8222;sokoli&#8220; \u0107e poku\u0161ati da dobrom igrom i pozitivnim rezultatom zavr\u0161e slabu godinu i najave mnogo bolju 2026.<\/p>\n\n\n\n<p>&#8222;Sav na\u0161 fokus je sada na Gibraltaru, to nam je veoma bitna utakmica kako bismo ostvarili pozitivan rezultat, a to je u ovom slu\u010daju samo pobjeda. Mislim da bi to bila dobra uvertira za sve naredne utakmice&#8220;, zaklju\u010dio je Ad\u017ei\u0107.<\/p>","protected":false},"excerpt":{"rendered":"<p>Po\u010detak Mirka Vu\u010dini\u0107a u ulozi selektora nije bio nimalo ohrabruju\u0107i, jer je na debiju prvog kapitena Crna Gora do\u017eivjela nokaut od Farskih Ostrva u Tor\u0161aunu (4:0), a potom jedva savladala jednu od najgorih selekcija svijeta Lihten\u0161tajn (2:1).<\/p>","protected":false},"author":1,"featured_media":767928,"comment_status":"open","ping_status":"open","sticky":false,"template":"","format":"standard","meta":{"_acf_changed":false,"footnotes":"","jetpack_publicize_message":"","jetpack_publicize_feature_enabled":true,"jetpack_social_post_already_shared":false,"jetpack_social_options":{"image_generator_settings":{"template":"highway","default_image_id":0,"font":"","enabled":false},"version":2}},"categories":[15],"tags":[4128,1281,2566],"naslovna":[],"class_list":["post-870068","post","type-post","status-publish","format-standard","has-post-thumbnail","hentry","category-sport","tag-kvalifikacije-za-svjetsko-prvenstvo-2026","tag-muska-fudbalska-reprezentacija-crne-gore","tag-vasilije-adzic"],"acf":[],"jetpack_publicize_connections":[],"_links":{"self":[{"href":"https:\/\/gradski.me\/en\/wp-json\/wp\/v2\/posts\/870068","targetHints":{"allow":["GET"]}}],"collection":[{"href":"https:\/\/gradski.me\/en\/wp-json\/wp\/v2\/posts"}],"about":[{"href":"https:\/\/gradski.me\/en\/wp-json\/wp\/v2\/types\/post"}],"author":[{"embeddable":true,"href":"https:\/\/gradski.me\/en\/wp-json\/wp\/v2\/users\/1"}],"replies":[{"embeddable":true,"href":"https:\/\/gradski.me\/en\/wp-json\/wp\/v2\/comments?post=870068"}],"version-history":[{"count":0,"href":"https:\/\/gradski.me\/en\/wp-json\/wp\/v2\/posts\/870068\/revisions"}],"wp:featuredmedia":[{"embeddable":true,"href":"https:\/\/gradski.me\/en\/wp-json\/wp\/v2\/media\/767928"}],"wp:attachment":[{"href":"https:\/\/gradski.me\/en\/wp-json\/wp\/v2\/media?parent=870068"}],"wp:term":[{"taxonomy":"category","embeddable":true,"href":"https:\/\/gradski.me\/en\/wp-json\/wp\/v2\/categories?post=870068"},{"taxonomy":"post_tag","embeddable":true,"href":"https:\/\/gradski.me\/en\/wp-json\/wp\/v2\/tags?post=870068"},{"taxonomy":"naslovna","embeddable":true,"href":"https:\/\/gradski.me\/en\/wp-json\/wp\/v2\/naslovna?post=870068"}],"curies":[{"name":"wp","href":"https:\/\/api.w.org\/{rel}","templated":true}]}}