{"id":870038,"date":"2025-11-12T22:08:00","date_gmt":"2025-11-12T21:08:00","guid":{"rendered":"https:\/\/gradski.me\/?p=870038"},"modified":"2025-11-12T22:08:00","modified_gmt":"2025-11-12T21:08:00","slug":"masovna-tucnjava-maskiranih-mladica-u-centru-zagreba-oglasila-se-policija","status":"publish","type":"post","link":"https:\/\/gradski.me\/en\/region\/masovna-tucnjava-maskiranih-mladica-u-centru-zagreba-oglasila-se-policija\/","title":{"rendered":"Masovna tu\u010da maskiranih mladi\u0107a u centru Zagreba, oglasila se policija"},"content":{"rendered":"<p><\/p>\n\n\n\n<p>U njoj je u\u010destvovalo dvadesetak maskiranih mladi\u0107a.<\/p>\n\n\n\n<p>Zasad je nejasno jesu li se sukobile dvije grupe ili je rije\u010d o organizovanom napadu na pojedinca ili pojedince. Kako neslu\u017ebeno doznaje <strong>Index<\/strong>, nekoliko u\u010desnika tu\u010dnjave ve\u0107 je uhap\u0161eno.<\/p>\n\n\n\n<p>Nakon tu\u010dnjave jedan dio grupe otr\u010dao je u smjeru istoka Juri\u0161i\u0107evom ulicom. Sve se odvijalo jako brzo te je dio pobjegao u smjeru Petrinjske ulice.\u00a0<\/p>\n\n\n\n<h3 class=\"wp-block-heading\">Zagreba\u010dka policija: Vi\u0161e mla\u0111ih osoba je privedeno<\/h3>\n\n\n\n<p>Iz PU zagreba\u010dke kratko su se oglasili saop\u0161tenjem.<\/p>\n\n\n\n<p>&#8222;Danas, 12. novembra oko 16 sati na Trgu bana Josipa Jela\u010di\u0107a do\u0161lo je do sukoba ve\u0107eg broja mla\u0111ih osoba.<\/p>\n\n\n\n<p>Nakon kratkotrajnog sukoba, iako su se u\u010desnici dali u bijeg po okolnim ulicama, zagreba\u010dka policija na nekoliko je lokacija uo\u010dila manje grupe osoba za koje se posumnjalo da se dovode u vezu s navedenom doga\u0111ajem.<\/p>\n\n\n\n<p>Vi\u0161e mla\u0111ih osoba nalazi se pod nadzorom policije u slu\u017ebenim prostorijama.<\/p>\n\n\n\n<p>Utvr\u0111ivanje svih okolnosti i kriminalisti\u010dko istra\u017eivanje su u toku&#8220;, poru\u010dili su iz zagreba\u010dke policije.<\/p>\n\n\n\n<h3 class=\"wp-block-heading\">Ranije danas napadnuta ekipa N1 televizije na Trgu, uhap\u0161en mladi\u0107<\/h3>\n\n\n\n<p>Podsjetimo, ranije danas, oko 14 sati na Trgu u Zagrebu&nbsp;<a href=\"https:\/\/www.index.hr\/vijesti\/clanak\/video-ekipa-n1-televizije-napadnuta-na-trgu-bana-jelacica\/2730008.aspx?index_ref=naslovnica_vijesti_vezane_vijesti_d\" target=\"_blank\" rel=\"noreferrer noopener\">napadnuta je ekipa N1 televizije<\/a>.&nbsp;<\/p>\n\n\n\n<p>Prema navodima televizije, nepoznati mla\u0111i mu\u0161karac najprije je pogrdno vrije\u0111ao novinare, a zatim fizi\u010dki nasrnuo na snimatelja, kojeg je odgurnuo i pritom mu nanio vidnu povredu oka. Zagreba\u010dka policija kasnije je objavila da je uhapsila mladi\u0107a koji je napao novinare.<\/p>\n\n\n\n<p>Zasad je nepoznato jesu li ova dva slu\u010daja povezana, ali to \u0107e utvrditi policija, prenosi <strong>Index.hr.<\/strong><\/p>","protected":false},"excerpt":{"rendered":"<p>Danas oko 16 sati na Trgu bana Jela\u010di\u0107a u Zagrebu izbila je masovna tu\u010dnjava.<\/p>","protected":false},"author":1,"featured_media":870044,"comment_status":"open","ping_status":"open","sticky":false,"template":"","format":"standard","meta":{"_acf_changed":false,"footnotes":"","jetpack_publicize_message":"","jetpack_publicize_feature_enabled":true,"jetpack_social_post_already_shared":false,"jetpack_social_options":{"image_generator_settings":{"template":"highway","default_image_id":0,"font":"","enabled":false},"version":2}},"categories":[13],"tags":[12300,11814,12301],"naslovna":[],"class_list":["post-870038","post","type-post","status-publish","format-standard","has-post-thumbnail","hentry","category-region","tag-centar-zagreba","tag-maskirani-mladici","tag-masovna-tucnjava"],"acf":[],"jetpack_publicize_connections":[],"_links":{"self":[{"href":"https:\/\/gradski.me\/en\/wp-json\/wp\/v2\/posts\/870038","targetHints":{"allow":["GET"]}}],"collection":[{"href":"https:\/\/gradski.me\/en\/wp-json\/wp\/v2\/posts"}],"about":[{"href":"https:\/\/gradski.me\/en\/wp-json\/wp\/v2\/types\/post"}],"author":[{"embeddable":true,"href":"https:\/\/gradski.me\/en\/wp-json\/wp\/v2\/users\/1"}],"replies":[{"embeddable":true,"href":"https:\/\/gradski.me\/en\/wp-json\/wp\/v2\/comments?post=870038"}],"version-history":[{"count":0,"href":"https:\/\/gradski.me\/en\/wp-json\/wp\/v2\/posts\/870038\/revisions"}],"wp:featuredmedia":[{"embeddable":true,"href":"https:\/\/gradski.me\/en\/wp-json\/wp\/v2\/media\/870044"}],"wp:attachment":[{"href":"https:\/\/gradski.me\/en\/wp-json\/wp\/v2\/media?parent=870038"}],"wp:term":[{"taxonomy":"category","embeddable":true,"href":"https:\/\/gradski.me\/en\/wp-json\/wp\/v2\/categories?post=870038"},{"taxonomy":"post_tag","embeddable":true,"href":"https:\/\/gradski.me\/en\/wp-json\/wp\/v2\/tags?post=870038"},{"taxonomy":"naslovna","embeddable":true,"href":"https:\/\/gradski.me\/en\/wp-json\/wp\/v2\/naslovna?post=870038"}],"curies":[{"name":"wp","href":"https:\/\/api.w.org\/{rel}","templated":true}]}}