{"id":869955,"date":"2025-11-12T19:44:53","date_gmt":"2025-11-12T18:44:53","guid":{"rendered":"https:\/\/gradski.me\/?p=869955"},"modified":"2025-11-12T19:44:53","modified_gmt":"2025-11-12T18:44:53","slug":"asanovic-reizabran-na-funkciju-izvrsnog-direktora-cges-a","status":"publish","type":"post","link":"https:\/\/gradski.me\/en\/drustvo\/asanovic-reizabran-na-funkciju-izvrsnog-direktora-cges-a\/","title":{"rendered":"Asanovi\u0107 reizabran na funkciju izvr\u0161nog direktora CGES-a"},"content":{"rendered":"<p>Izvr\u0161ni direktor Crnogorskog elektroprenosnog sistema (CGES), Ivan Asanovi\u0107, reizabran je danas na tu funkciju.<\/p>\n\n\n\n<p>Odluku o reizboru Asanovi\u0107a jednoglasno je donio Odbor direktora na redovnom zasijedanju u skladu sa internim aktima i nakon prethodno sprovedenog javnog konkursa.<\/p>\n\n\n\n<p>Iz CGES-a su kazali da je, na osnovu evaluacije dosada\u0161njeg rada, predstavljenog programa i vizije razvoja kompanije, Asanovi\u0107 izabran za izvr\u0161nog direktora, na period od \u010detiri godine.<\/p>\n\n\n\n<p>\u201cU prethodnom mandatu Asanovi\u0107 je ostvario zapa\u017eene rezultate u oblasti modernizacije poslovanja, unaprje\u0111enja efikasnosti i ja\u010danja partnerskih odnosa, \u010dime je dao sna\u017ean doprinos stabilnosti i napretku kompanije\u201d, navodi se u saop\u0161tenju kompanije.<\/p>\n\n\n\n<p>Odbor direktora je izrazio uvjerenje da \u0107e, pod rukovodstvom Asanovi\u0107a, CGES i u narednom periodu nastaviti da se razvija kao stabilna, inovativna i dru\u0161tveno odgovorna kompanija, posve\u0107ena daljem ja\u010danju poslovnih rezultata i odnosa sa zaposlenima, partnerima i zajednicom.<\/p>\n\n\n\n<p>Asanovi\u0107 je rekao da mu predstavlja veliku \u010dast, ali i odgovornost to \u0161to mu je ponovo ukazano povjerenje da doprinese razvoju CGES-a.<\/p>\n\n\n\n<p>\u201cRezultati koje smo postigli zajedni\u010dkim radom pokazuju da se dosljednost, posve\u0107enost i profesionalizam uvijek prepoznaju\u201d, kazao je Asanovi\u0107.<\/p>\n\n\n\n<p>On je zahvalio Odboru direktora na podr\u0161ci i povjerenju koje su pru\u017eili njemu i menad\u017ementu tokom prethodnog mandata.<\/p>\n\n\n\n<p>\u201cNastavi\u0107emo da gradimo CGES kao otvorenu, inovativnu i odgovornu kompaniju, usmjerenu ka &nbsp;zaposlenima, partnerima i zajednici kojoj pripadamo&#8220;, zaklju\u010dio je Asanovi\u0107.<\/p>\n\n\n\n<p>Asanovi\u0107 je ro\u0111en 1982. godine u Podgorici. Diplomirao je na Elektrotehni\u010dkom fakultetu Univerziteta Crne Gore, gdje je stekao zvanje diplomiranog in\u017eenjera elektrotehnike.<\/p>\n\n\n\n<p>Profesionalnu karijeru zapo\u010deo je 2005. godine na me\u0111unarodnim projektima, a od 2006. je radio u Elektroprivredi Crne Gore \u2013 FC \u201ePrenos\u201c, gdje je obavljao klju\u010dne funkcije u odr\u017eavanju trafostanica i realizaciji zna\u010dajnih investicionih projekata, uklju\u010duju\u0107i me\u0111unarodnu podmorsku interkonekciju Crna Gora\u2013Italija.<\/p>\n\n\n\n<p>Od 2011. do 2019. bio je \u0161ef Slu\u017ebe za sekundarne i informacione sisteme, u\u010destvuju\u0107i u unapre\u0111enju SCADA sistema i implementaciji EMS-a, a od 2021. godine je preuzeo funkciju izvr\u0161nog direktora CGES-a.<\/p>\n\n\n\n<p>Asanovi\u0107 je aktivno uklju\u010den u me\u0111unarodne radne grupe ENTSO-E, \u010dlan je In\u017eenjerske komore Crne Gore i autora je brojnih stru\u010dnih radova iz oblasti elektroenergetike.<\/p>","protected":false},"excerpt":{"rendered":"<p>Izvr\u0161ni direktor Crnogorskog elektroprenosnog sistema (CGES), Ivan Asanovi\u0107, reizabran je danas na tu funkciju.<\/p>","protected":false},"author":1,"featured_media":869962,"comment_status":"open","ping_status":"open","sticky":false,"template":"","format":"standard","meta":{"_acf_changed":false,"footnotes":"","jetpack_publicize_message":"","jetpack_publicize_feature_enabled":true,"jetpack_social_post_already_shared":false,"jetpack_social_options":{"image_generator_settings":{"template":"highway","default_image_id":0,"font":"","enabled":false},"version":2}},"categories":[9],"tags":[588,12291,12292],"naslovna":[],"class_list":["post-869955","post","type-post","status-publish","format-standard","has-post-thumbnail","hentry","category-drustvo","tag-cges","tag-ivan-asanovic","tag-reizbor"],"acf":[],"jetpack_publicize_connections":[],"_links":{"self":[{"href":"https:\/\/gradski.me\/en\/wp-json\/wp\/v2\/posts\/869955","targetHints":{"allow":["GET"]}}],"collection":[{"href":"https:\/\/gradski.me\/en\/wp-json\/wp\/v2\/posts"}],"about":[{"href":"https:\/\/gradski.me\/en\/wp-json\/wp\/v2\/types\/post"}],"author":[{"embeddable":true,"href":"https:\/\/gradski.me\/en\/wp-json\/wp\/v2\/users\/1"}],"replies":[{"embeddable":true,"href":"https:\/\/gradski.me\/en\/wp-json\/wp\/v2\/comments?post=869955"}],"version-history":[{"count":0,"href":"https:\/\/gradski.me\/en\/wp-json\/wp\/v2\/posts\/869955\/revisions"}],"wp:featuredmedia":[{"embeddable":true,"href":"https:\/\/gradski.me\/en\/wp-json\/wp\/v2\/media\/869962"}],"wp:attachment":[{"href":"https:\/\/gradski.me\/en\/wp-json\/wp\/v2\/media?parent=869955"}],"wp:term":[{"taxonomy":"category","embeddable":true,"href":"https:\/\/gradski.me\/en\/wp-json\/wp\/v2\/categories?post=869955"},{"taxonomy":"post_tag","embeddable":true,"href":"https:\/\/gradski.me\/en\/wp-json\/wp\/v2\/tags?post=869955"},{"taxonomy":"naslovna","embeddable":true,"href":"https:\/\/gradski.me\/en\/wp-json\/wp\/v2\/naslovna?post=869955"}],"curies":[{"name":"wp","href":"https:\/\/api.w.org\/{rel}","templated":true}]}}