{"id":869606,"date":"2025-11-12T15:23:00","date_gmt":"2025-11-12T14:23:00","guid":{"rendered":"https:\/\/gradski.me\/?p=869606"},"modified":"2025-11-12T15:23:00","modified_gmt":"2025-11-12T14:23:00","slug":"to-herceg-novi-predstavice-zimski-program-u-regionu","status":"publish","type":"post","link":"https:\/\/gradski.me\/en\/drustvo\/to-herceg-novi-predstavice-zimski-program-u-regionu\/","title":{"rendered":"TO Herceg Novi predstavi\u0107e zimski program u regionu"},"content":{"rendered":"<p>U Turisti\u010dkoj organizaciji HN ovih dana najvi\u0161e su usresre\u0111eni na promotivne aktivnosti. U fokusu je region, ali i druga tr\u017ei\u0161ta uz nastojanje za novinama u boljem brendiranju Herceg Novog. Do kraja godine planom rada predvi\u0111ene su brojne promotivne aktivnosti, kazala je za Novski portal, direktorica TO Darija Bani\u0107evi\u0107.<\/p>\n\n\n\n<p>\u201cNakon uspje\u0161nih nastupa po\u010detkom novembra na Wrld Travel Marketu u Londonu, i na Me\u0111unarodnom Sajmu turizna u Kragujevcu, promotivne aktivnosti nastavljamo krajem mjeseca u saradnji sa NTO CG i drugim Lokalnim turisti\u010dkim organizacijama. U\u010destvova\u0107emo u zajedni\u010dkoj promociji Zimske sezone u Crnoj Gori u gradovima regiona i plasirati turisti\u010dku ponudu grada sa akcentom na novogodi\u0161nji i program predstoje\u0107eg Praznika mimoze&#8220;, kazala je Bani\u0107evi\u0107 i najavila prvo predstavljanje u Beogradu 25. novembra gdje je TO Herceg Novi organiozator doga\u0111aja. Potom ih od 27. do 29. novembra o\u010dekuje nastup na Sajmu turizma u Novom Sadu, nakon \u010dega slijede Sarajevo i Dubrovnik. Sajamski nastupi \u0107e, ka\u017ee, biti nastavljeni po\u010detkom sljede\u0107e godine od 17. do 25. januara na Me\u0111unarodnom turisti\u010dkom sajmu \u201cCMT\u201d u \u0160tutgartu\u201d.<\/p>\n\n\n\n<p>Uporedo sa njima,najavljuje i outdoor zimsku kampanju kojom \u0107e, prema rije\u010dima Bani\u0107evi\u0107, bi\u0107e obuhva\u0107eni ve\u0107i centri u regionu poput Beograda, Novog Sada, Banja Luke, Ni\u0161a, Zlatibora i Trebinja, kao i gradovi u Crnoj Gori.<\/p>","protected":false},"excerpt":{"rendered":"<p>Po\u010dinju konferencijom u Beogradu, 25.novembra, a potom slijede Novi Sad, Sarajevo i Dubrovnik, kazali su iz TO Herceg Novi.<\/p>","protected":false},"author":1,"featured_media":869617,"comment_status":"open","ping_status":"open","sticky":false,"template":"","format":"standard","meta":{"_acf_changed":false,"footnotes":"","jetpack_publicize_message":"","jetpack_publicize_feature_enabled":true,"jetpack_social_post_already_shared":false,"jetpack_social_options":{"image_generator_settings":{"template":"highway","default_image_id":0,"font":"","enabled":false},"version":2}},"categories":[9],"tags":[12228,1727,6916],"naslovna":[],"class_list":["post-869606","post","type-post","status-publish","format-standard","has-post-thumbnail","hentry","category-drustvo","tag-darija-banicevic","tag-sajam","tag-to-herceg-novi"],"acf":[],"jetpack_publicize_connections":[],"_links":{"self":[{"href":"https:\/\/gradski.me\/en\/wp-json\/wp\/v2\/posts\/869606","targetHints":{"allow":["GET"]}}],"collection":[{"href":"https:\/\/gradski.me\/en\/wp-json\/wp\/v2\/posts"}],"about":[{"href":"https:\/\/gradski.me\/en\/wp-json\/wp\/v2\/types\/post"}],"author":[{"embeddable":true,"href":"https:\/\/gradski.me\/en\/wp-json\/wp\/v2\/users\/1"}],"replies":[{"embeddable":true,"href":"https:\/\/gradski.me\/en\/wp-json\/wp\/v2\/comments?post=869606"}],"version-history":[{"count":0,"href":"https:\/\/gradski.me\/en\/wp-json\/wp\/v2\/posts\/869606\/revisions"}],"wp:featuredmedia":[{"embeddable":true,"href":"https:\/\/gradski.me\/en\/wp-json\/wp\/v2\/media\/869617"}],"wp:attachment":[{"href":"https:\/\/gradski.me\/en\/wp-json\/wp\/v2\/media?parent=869606"}],"wp:term":[{"taxonomy":"category","embeddable":true,"href":"https:\/\/gradski.me\/en\/wp-json\/wp\/v2\/categories?post=869606"},{"taxonomy":"post_tag","embeddable":true,"href":"https:\/\/gradski.me\/en\/wp-json\/wp\/v2\/tags?post=869606"},{"taxonomy":"naslovna","embeddable":true,"href":"https:\/\/gradski.me\/en\/wp-json\/wp\/v2\/naslovna?post=869606"}],"curies":[{"name":"wp","href":"https:\/\/api.w.org\/{rel}","templated":true}]}}