{"id":868373,"date":"2025-11-10T16:58:00","date_gmt":"2025-11-10T15:58:00","guid":{"rendered":"https:\/\/gradski.me\/?p=868373"},"modified":"2025-11-10T16:58:00","modified_gmt":"2025-11-10T15:58:00","slug":"odt-nalozilo-hapsenje-ruskog-drzavljanina-osumnjicenog-za-seksualno-zlostavljanje-psa-u-podgorici","status":"publish","type":"post","link":"https:\/\/gradski.me\/en\/hronika\/odt-nalozilo-hapsenje-ruskog-drzavljanina-osumnjicenog-za-seksualno-zlostavljanje-psa-u-podgorici\/","title":{"rendered":"ODT nalo\u017eilo hap\u0161enje ruskog dr\u017eavljanina osumnji\u010denog za seksualno zlostavljanje psa u Podgorici"},"content":{"rendered":"<p><\/p>\n\n\n\n<p>Naime, ruski dr\u017eavljanin se potra\u017euje zbog postojanja osnova sumnje da je po\u010dinio krivi\u010dno djelo ubijanje i mu\u010denje \u017eivotinja i razaranje njihovog stani\u0161ta.<\/p>\n\n\n\n<p>\u201cU koordinaciji sa slu\u017ebenicima policije, u toku je preduzimanje daljih radnji i aktivnosti u cilju potpunog razja\u0161njenja svih okolnosti ovog doga\u0111aja, identifikacije eventualnih sau\u010desnika i provjere postojanja elemenata drugih krivi\u010dnih djela\u201d, istakli su u saop\u0161tenju.<\/p>","protected":false},"excerpt":{"rendered":"<p>Osnovno dr\u017eavno tu\u017eila\u0161tvo u Podgorici saop\u0161tilo je da je postupaju\u0107a dr\u017eavna tu\u017eiteljka, u predmetu formiranom povodom snimaka koji su objavljeni na dru\u0161tvenoj mre\u017ei Telegram, a koji prikazuju seksualno zlostavljanje pasa, nalo\u017eila slu\u017ebenicima Odjeljenja bezbjednosti Podgorica da uhapse ruskog dr\u017eavljanina A.V. <\/p>","protected":false},"author":1,"featured_media":655975,"comment_status":"open","ping_status":"open","sticky":false,"template":"","format":"standard","meta":{"_acf_changed":false,"footnotes":"","jetpack_publicize_message":"","jetpack_publicize_feature_enabled":true,"jetpack_social_post_already_shared":false,"jetpack_social_options":{"image_generator_settings":{"template":"highway","default_image_id":0,"font":"","enabled":false},"version":2}},"categories":[10],"tags":[168,6982],"naslovna":[],"class_list":["post-868373","post","type-post","status-publish","format-standard","has-post-thumbnail","hentry","category-hronika","tag-odt-podgorica","tag-ruski-drzavljanin"],"acf":[],"jetpack_publicize_connections":[],"_links":{"self":[{"href":"https:\/\/gradski.me\/en\/wp-json\/wp\/v2\/posts\/868373","targetHints":{"allow":["GET"]}}],"collection":[{"href":"https:\/\/gradski.me\/en\/wp-json\/wp\/v2\/posts"}],"about":[{"href":"https:\/\/gradski.me\/en\/wp-json\/wp\/v2\/types\/post"}],"author":[{"embeddable":true,"href":"https:\/\/gradski.me\/en\/wp-json\/wp\/v2\/users\/1"}],"replies":[{"embeddable":true,"href":"https:\/\/gradski.me\/en\/wp-json\/wp\/v2\/comments?post=868373"}],"version-history":[{"count":0,"href":"https:\/\/gradski.me\/en\/wp-json\/wp\/v2\/posts\/868373\/revisions"}],"wp:featuredmedia":[{"embeddable":true,"href":"https:\/\/gradski.me\/en\/wp-json\/wp\/v2\/media\/655975"}],"wp:attachment":[{"href":"https:\/\/gradski.me\/en\/wp-json\/wp\/v2\/media?parent=868373"}],"wp:term":[{"taxonomy":"category","embeddable":true,"href":"https:\/\/gradski.me\/en\/wp-json\/wp\/v2\/categories?post=868373"},{"taxonomy":"post_tag","embeddable":true,"href":"https:\/\/gradski.me\/en\/wp-json\/wp\/v2\/tags?post=868373"},{"taxonomy":"naslovna","embeddable":true,"href":"https:\/\/gradski.me\/en\/wp-json\/wp\/v2\/naslovna?post=868373"}],"curies":[{"name":"wp","href":"https:\/\/api.w.org\/{rel}","templated":true}]}}