{"id":868109,"date":"2025-11-10T12:57:00","date_gmt":"2025-11-10T11:57:00","guid":{"rendered":"https:\/\/gradski.me\/?p=868109"},"modified":"2025-11-10T12:57:00","modified_gmt":"2025-11-10T11:57:00","slug":"komnenovic-i-vuksanovic-potpisali-memorandum-o-izgradnji-bulevara-u-tivtu","status":"publish","type":"post","link":"https:\/\/gradski.me\/en\/ekonomija\/komnenovic-i-vuksanovic-potpisali-memorandum-o-izgradnji-bulevara-u-tivtu\/","title":{"rendered":"Komnenovi\u0107 i Vuksanovi\u0107 potpisali Memorandum o izgradnji bulevara u Tivtu"},"content":{"rendered":"<p><br><\/p>\n\n\n\n<p><br><\/p>\n\n\n\n<p>\u201eIzgradnja bulevara kroz Tivat, odnosno rekonstrukcija magistralnog puta kroz na\u0161u op\u0161tinu, najva\u017eniji je infrastrukturni projekat u novijoj istoriji Tivta. Za ovaj projekat ve\u0107 su rezervisana sredstva u kapitalnom bud\u017eetu za ovu godinu. Odlu\u010dili smo da uradimo novi projekat, a Op\u0161tina Tivat \u0107e u najskorije vrijeme objaviti tender vrijedan 150 hiljada eura. S obzirom na to da je rije\u010d o veoma slo\u017eenom projektu, nadam se da \u0107emo izabrati kvalitetnog projektanta, a kasnije i izvo\u0111a\u010da koji \u0107e biti u mogu\u0107nosti da realizuju taj projekat\u201c, kazao je Komnenovi\u0107 i podsjetio da dnevno ovim putem pro\u0111e oko 30 hiljada vozila, te da \u0107e se izgradnjom ovog, kao i zavr\u0161etkom Bulevara Tivat \u2013 Jaz, znatno smanjiti gu\u017eve, koje su posebno izra\u017eene tokom ljetnje turisti\u010dke sezone.<\/p>\n\n\n\n<p>Direktor Uprave za saobra\u0107aj Radomir Vuksanovi\u0107 istakao je da su se potpisivanjem ovog Memoranduma stekli uslovi za po\u010detak radova na projektu izgradnje bulevara kroz Tivat.<\/p>\n\n\n\n<p>\u201eU pitanju je saobra\u0107ajnica od Aerodroma Tivat, odnosno od kru\u017enog toka u Gradio\u0161nici do Seljanova. Rije\u010d je o izuzetno kompleksnom projektu, jer magistralni put kroz Tivat predstavlja trenutno najve\u0107e usko grlo u Crnoj Gori. Nadamo se da \u0107e sve te\u0107i po planu i da \u0107emo sa radovima mo\u0107i da krenemo ve\u0107 na jesen naredne godine\u201c, rekao je Vuksanovi\u0107 i dodao da \u0107e se novi bulevar nadovezati na bulevar Tivat \u2013 Jaz, \u010dime se stvara jedinstvena saobra\u0107ajna cjelina koja \u0107e obezbijediti br\u017ee i bezbjednije kretanje ovim dijelom primorja.<\/p>\n\n\n\n<p>Projekat \u0107e se realizovati po modelu sufinansiranja, uz jasno utvr\u0111ene obaveze obje strane. Op\u0161tina Tivat se obavezuje da obezbijedi sredstva za izradu Glavnog projekta bulevara, kao i sredstva za njegovu reviziju, te da nakon zavr\u0161etka postupka Upravi za saobra\u0107aj dostavi revidovani Glavni projekat.<\/p>\n\n\n\n<p>Uprava za saobra\u0107aj obavezna je da obezbijedi sredstva za izvo\u0111enje radova i nadzor nad njihovom realizacijom, kao i da, po preuzimanju revidovanog Glavnog projekta, raspi\u0161e tender.<\/p>","protected":false},"excerpt":{"rendered":"<p>Predsjednik Op\u0161tine Tivat \u017deljko Komnenovi\u0107 i direktor Uprave za saobra\u0107aj Radomir Vukasanovi\u0107 potpisali su danas Memorandum o saradnji na realizaciji infrastrukturnog projekta rekonstrukcije magistralnog puta M11, koji obuhvata izgradnju novog bulevara kroz Tivat. Ovim dokumentom uspostavljen je formalni okvir saradnje izme\u0111u dvije institucije na realizaciji jednog od najzna\u010dajnijih saobra\u0107ajnih projekata u Boki.<\/p>","protected":false},"author":1,"featured_media":868114,"comment_status":"open","ping_status":"open","sticky":false,"template":"","format":"standard","meta":{"_acf_changed":false,"footnotes":"","jetpack_publicize_message":"","jetpack_publicize_feature_enabled":true,"jetpack_social_post_already_shared":false,"jetpack_social_options":{"image_generator_settings":{"template":"highway","default_image_id":0,"font":"","enabled":false},"version":2}},"categories":[8],"tags":[11978,4017],"naslovna":[],"class_list":["post-868109","post","type-post","status-publish","format-standard","has-post-thumbnail","hentry","category-ekonomija","tag-radomir-vukasanovic","tag-zeljko-komnenovic"],"acf":[],"jetpack_publicize_connections":[],"_links":{"self":[{"href":"https:\/\/gradski.me\/en\/wp-json\/wp\/v2\/posts\/868109","targetHints":{"allow":["GET"]}}],"collection":[{"href":"https:\/\/gradski.me\/en\/wp-json\/wp\/v2\/posts"}],"about":[{"href":"https:\/\/gradski.me\/en\/wp-json\/wp\/v2\/types\/post"}],"author":[{"embeddable":true,"href":"https:\/\/gradski.me\/en\/wp-json\/wp\/v2\/users\/1"}],"replies":[{"embeddable":true,"href":"https:\/\/gradski.me\/en\/wp-json\/wp\/v2\/comments?post=868109"}],"version-history":[{"count":0,"href":"https:\/\/gradski.me\/en\/wp-json\/wp\/v2\/posts\/868109\/revisions"}],"wp:featuredmedia":[{"embeddable":true,"href":"https:\/\/gradski.me\/en\/wp-json\/wp\/v2\/media\/868114"}],"wp:attachment":[{"href":"https:\/\/gradski.me\/en\/wp-json\/wp\/v2\/media?parent=868109"}],"wp:term":[{"taxonomy":"category","embeddable":true,"href":"https:\/\/gradski.me\/en\/wp-json\/wp\/v2\/categories?post=868109"},{"taxonomy":"post_tag","embeddable":true,"href":"https:\/\/gradski.me\/en\/wp-json\/wp\/v2\/tags?post=868109"},{"taxonomy":"naslovna","embeddable":true,"href":"https:\/\/gradski.me\/en\/wp-json\/wp\/v2\/naslovna?post=868109"}],"curies":[{"name":"wp","href":"https:\/\/api.w.org\/{rel}","templated":true}]}}