{"id":868041,"date":"2025-11-10T11:57:17","date_gmt":"2025-11-10T10:57:17","guid":{"rendered":"https:\/\/gradski.me\/?p=868041"},"modified":"2025-11-10T11:57:17","modified_gmt":"2025-11-10T10:57:17","slug":"ura-podrzava-smanjenje-sredstava-za-politicke-partije-ocekujemo-da-pes-podrzi-povecanje-djecjih-dodataka","status":"publish","type":"post","link":"https:\/\/gradski.me\/en\/politika\/ura-podrzava-smanjenje-sredstava-za-politicke-partije-ocekujemo-da-pes-podrzi-povecanje-djecjih-dodataka\/","title":{"rendered":"URA supports reduction of funding for political parties, we expect PES to support increase in child allowances"},"content":{"rendered":"<p><\/p>\n\n\n\n<p><br><\/p>\n\n\n\n<p><br>Imaju\u0107i u vidu da je najbrojnija partija u Skup\u0161tini, nakon\u00a0\u0161to je do sada \u010detiri puta odbila da glasa za pove\u0107anje dje\u010dijih dodataka, ovog puta\u00a0iskazala spremnost da\u00a0digne ruku za svu djecu Crne Gore, s obzirom na to da je usljed inflacije, rasta tro\u0161kova i cijena osnovnih \u017eivotnih namirnica, iznos od 30 eura nedovoljan da zna\u010dajnije uti\u010de na polo\u017eaj najmla\u0111ih u zemlji.<br>O\u010dekujemo da poslani\u010dki klub Pokreta Evropa sad za svoj predlog obezbijedi podr\u0161ku,\u00a0kako bi ovaj zakon \u0161to prije do\u0161ao na glasanje.<\/p>","protected":false},"excerpt":{"rendered":"<p>Gra\u0111anski pokret URA svesrdno \u0107e podr\u017eati Predlog zakona o izmjeni\u00a0Zakona o finansiranju politi\u010dkih subjekata i izbornih kampanja i ponovo staviti u skup\u0161tinsku proceduru inicijativu za pove\u0107anje dje\u010djih dodataka, za \u0161to o\u010dekujemo podr\u0161ku od strane Pokreta Evropa sad.<\/p>","protected":false},"author":1,"featured_media":798949,"comment_status":"open","ping_status":"open","sticky":false,"template":"","format":"standard","meta":{"_acf_changed":false,"footnotes":"","jetpack_publicize_message":"","jetpack_publicize_feature_enabled":true,"jetpack_social_post_already_shared":false,"jetpack_social_options":{"image_generator_settings":{"template":"highway","default_image_id":0,"font":"","enabled":false},"version":2}},"categories":[7],"tags":[11970,294],"naslovna":[],"class_list":["post-868041","post","type-post","status-publish","format-standard","has-post-thumbnail","hentry","category-politika","tag-partija","tag-ura"],"acf":[],"jetpack_publicize_connections":[],"_links":{"self":[{"href":"https:\/\/gradski.me\/en\/wp-json\/wp\/v2\/posts\/868041","targetHints":{"allow":["GET"]}}],"collection":[{"href":"https:\/\/gradski.me\/en\/wp-json\/wp\/v2\/posts"}],"about":[{"href":"https:\/\/gradski.me\/en\/wp-json\/wp\/v2\/types\/post"}],"author":[{"embeddable":true,"href":"https:\/\/gradski.me\/en\/wp-json\/wp\/v2\/users\/1"}],"replies":[{"embeddable":true,"href":"https:\/\/gradski.me\/en\/wp-json\/wp\/v2\/comments?post=868041"}],"version-history":[{"count":0,"href":"https:\/\/gradski.me\/en\/wp-json\/wp\/v2\/posts\/868041\/revisions"}],"wp:featuredmedia":[{"embeddable":true,"href":"https:\/\/gradski.me\/en\/wp-json\/wp\/v2\/media\/798949"}],"wp:attachment":[{"href":"https:\/\/gradski.me\/en\/wp-json\/wp\/v2\/media?parent=868041"}],"wp:term":[{"taxonomy":"category","embeddable":true,"href":"https:\/\/gradski.me\/en\/wp-json\/wp\/v2\/categories?post=868041"},{"taxonomy":"post_tag","embeddable":true,"href":"https:\/\/gradski.me\/en\/wp-json\/wp\/v2\/tags?post=868041"},{"taxonomy":"naslovna","embeddable":true,"href":"https:\/\/gradski.me\/en\/wp-json\/wp\/v2\/naslovna?post=868041"}],"curies":[{"name":"wp","href":"https:\/\/api.w.org\/{rel}","templated":true}]}}