{"id":866902,"date":"2025-11-07T21:20:00","date_gmt":"2025-11-07T20:20:00","guid":{"rendered":"https:\/\/gradski.me\/?p=866902"},"modified":"2025-11-07T21:20:00","modified_gmt":"2025-11-07T20:20:00","slug":"video-policija-lovi-maskirane-mladice-medju-autima-u-zagrebu","status":"publish","type":"post","link":"https:\/\/gradski.me\/en\/region\/video-policija-lovi-maskirane-mladice-medju-autima-u-zagrebu\/","title":{"rendered":"(VIDEO) police hunt masked young men among cars in Zagreb"},"content":{"rendered":"<p><\/p>\n\n\n\n<p>Jedna grupa od desetak mu\u0161karaca zaustavljena je u Dalmatinskoj ulici. Policija ih je legitimisala i pustila, pi\u0161e <strong>Index.hr<\/strong>.\u00a0<\/p>\n\n\n\n<p>No potjera za sudionicima incidenta odvijala se i drugdje po centru.&nbsp;<\/p>\n\n\n\n<p>Vida TV objavila je snimak iz Gajeve ulice gdje se vidi kako policajci me\u0111u automobilima love mladi\u0107e.&#8220;Kud \u0107e\u0161?! Stani!&#8220;, \u010duje se kako policajac vi\u010de mladi\u0107u koji bje\u017ei od njega.\u00a0<\/p>\n\n\n\n<figure class=\"wp-block-embed is-type-video is-provider-youtube wp-block-embed-youtube wp-embed-aspect-9-16 wp-has-aspect-ratio\"><div class=\"wp-block-embed__wrapper\">\n<iframe title=\"Potjera za maskiranim huliganima kod Srpskog kulturnog centra u Zagrebu #vidatv #hrvatska #zagreb\" width=\"563\" height=\"1000\" src=\"https:\/\/www.youtube.com\/embed\/LPZq-HYrBSA?feature=oembed\" frameborder=\"0\" allow=\"accelerometer; autoplay; clipboard-write; encrypted-media; gyroscope; picture-in-picture; web-share\" referrerpolicy=\"strict-origin-when-cross-origin\" allowfullscreen><\/iframe>\n<\/div><\/figure>","protected":false},"excerpt":{"rendered":"<p>Vi\u0161e od pedeset maskiranih mu\u0161karaca, uglavnom mladi\u0107a, do\u0161lo je ve\u010deras pred Srpski kulturni centar u Preradovi\u0107evoj ulici u Zagrebu gdje se odr\u017eava izlo\u017eba. Okupili su se o\u010dito u znak protesta protiv odr\u017eavanja Dana srpske kulture.<\/p>","protected":false},"author":1,"featured_media":866904,"comment_status":"open","ping_status":"open","sticky":false,"template":"","format":"standard","meta":{"_acf_changed":false,"footnotes":"","jetpack_publicize_message":"","jetpack_publicize_feature_enabled":true,"jetpack_social_post_already_shared":false,"jetpack_social_options":{"image_generator_settings":{"template":"highway","default_image_id":0,"font":"","enabled":false},"version":2}},"categories":[13],"tags":[11813,11814,174],"naslovna":[],"class_list":["post-866902","post","type-post","status-publish","format-standard","has-post-thumbnail","hentry","category-region","tag-auta-u-zagrebu","tag-maskirani-mladici","tag-policija"],"acf":[],"jetpack_publicize_connections":[],"_links":{"self":[{"href":"https:\/\/gradski.me\/en\/wp-json\/wp\/v2\/posts\/866902","targetHints":{"allow":["GET"]}}],"collection":[{"href":"https:\/\/gradski.me\/en\/wp-json\/wp\/v2\/posts"}],"about":[{"href":"https:\/\/gradski.me\/en\/wp-json\/wp\/v2\/types\/post"}],"author":[{"embeddable":true,"href":"https:\/\/gradski.me\/en\/wp-json\/wp\/v2\/users\/1"}],"replies":[{"embeddable":true,"href":"https:\/\/gradski.me\/en\/wp-json\/wp\/v2\/comments?post=866902"}],"version-history":[{"count":0,"href":"https:\/\/gradski.me\/en\/wp-json\/wp\/v2\/posts\/866902\/revisions"}],"wp:featuredmedia":[{"embeddable":true,"href":"https:\/\/gradski.me\/en\/wp-json\/wp\/v2\/media\/866904"}],"wp:attachment":[{"href":"https:\/\/gradski.me\/en\/wp-json\/wp\/v2\/media?parent=866902"}],"wp:term":[{"taxonomy":"category","embeddable":true,"href":"https:\/\/gradski.me\/en\/wp-json\/wp\/v2\/categories?post=866902"},{"taxonomy":"post_tag","embeddable":true,"href":"https:\/\/gradski.me\/en\/wp-json\/wp\/v2\/tags?post=866902"},{"taxonomy":"naslovna","embeddable":true,"href":"https:\/\/gradski.me\/en\/wp-json\/wp\/v2\/naslovna?post=866902"}],"curies":[{"name":"wp","href":"https:\/\/api.w.org\/{rel}","templated":true}]}}