{"id":866593,"date":"2025-11-07T14:13:00","date_gmt":"2025-11-07T13:13:00","guid":{"rendered":"https:\/\/gradski.me\/?p=866593"},"modified":"2025-11-07T14:13:00","modified_gmt":"2025-11-07T13:13:00","slug":"crnogorska-delegacija-u-posjeti-strazburu","status":"publish","type":"post","link":"https:\/\/gradski.me\/en\/drustvo\/crnogorska-delegacija-u-posjeti-strazburu\/","title":{"rendered":"Radenovi\u0107: Vjerujem da politika zasnovana na povjerenju predstavlja jedini put ka istinskom napretku"},"content":{"rendered":"<p><\/p>\n\n\n\n<p><br><\/p>\n\n\n\n<p>Kako su kazali, tokom boravka u Strazburu, delegacija je posjetila Evropski sud za ljudska prava i Stalnu misiju Crne Gore pri Savjetu Evrope, gdje su, dodaju, vo\u0111eni razgovori o izazovima savremenih demokratija, ulozi institucija i zna\u010daju aktivnog gra\u0111anskog u\u010de\u0161\u0107a u dono\u0161enju odluka.<\/p>\n\n\n\n<p>Milica Radenovi\u0107, polaznica \u0160kole politi\u010dkih studija Gra\u0111anske alijanse \u2013 23. generacija i predstavnica Pokreta Narodnog povjerenja, istakla je da je ponosna \u0161to ima priliku da bude dio ovog va\u017enog me\u0111unarodnog programa i da predstavi viziju politike zasnovane na povjerenju, znanju i stvarnim vrijednostima.<\/p>\n\n\n\n<p>\u201cPonosna sam \u0161to imam priliku da budem dio okru\u017eenja koje promovi\u0161e dijalog, razumijevanje i zajedni\u010dko djelovanje. Vjerujem da politika zasnovana na povjerenju, znanju i stvarnim vrijednostima predstavlja jedini put ka istinskom napretku\u201c, poru\u010dila je Milica Radenovi\u0107.<\/p>\n\n\n\n<p>Kako su zaklju\u010dili, program Svjetske \u0161kole demokratije okuplja mlade lidere, predstavnike institucija i organizacija civilnog dru\u0161tva iz cijele Evrope, s ciljem razmjene iskustava i unapre\u0111enja demokratskih praksi u svojim zajednicama.<\/p>\n\n\n\n<p><\/p>","protected":false},"excerpt":{"rendered":"<p>Crnogorska delegacija u\u010destvuje u programu Svjetske \u0161kole demokratije 2025, koji organizuje Savjet Evrope s ciljem ja\u010danja demokratske kulture, vladavine prava i u\u010de\u0161\u0107a gra\u0111ana u procesima odlu\u010divanja, saop\u0161teno je iz Pokreta narodnog povjerenja.<\/p>","protected":false},"author":1,"featured_media":866594,"comment_status":"open","ping_status":"open","sticky":false,"template":"","format":"standard","meta":{"_acf_changed":false,"footnotes":"","jetpack_publicize_message":"","jetpack_publicize_feature_enabled":true,"jetpack_social_post_already_shared":false,"jetpack_social_options":{"image_generator_settings":{"template":"highway","default_image_id":0,"font":"","enabled":false},"version":2}},"categories":[9],"tags":[11744,6287],"naslovna":[],"class_list":["post-866593","post","type-post","status-publish","format-standard","has-post-thumbnail","hentry","category-drustvo","tag-crnogorska-delegacija","tag-strazbur"],"acf":[],"jetpack_publicize_connections":[],"_links":{"self":[{"href":"https:\/\/gradski.me\/en\/wp-json\/wp\/v2\/posts\/866593","targetHints":{"allow":["GET"]}}],"collection":[{"href":"https:\/\/gradski.me\/en\/wp-json\/wp\/v2\/posts"}],"about":[{"href":"https:\/\/gradski.me\/en\/wp-json\/wp\/v2\/types\/post"}],"author":[{"embeddable":true,"href":"https:\/\/gradski.me\/en\/wp-json\/wp\/v2\/users\/1"}],"replies":[{"embeddable":true,"href":"https:\/\/gradski.me\/en\/wp-json\/wp\/v2\/comments?post=866593"}],"version-history":[{"count":0,"href":"https:\/\/gradski.me\/en\/wp-json\/wp\/v2\/posts\/866593\/revisions"}],"wp:featuredmedia":[{"embeddable":true,"href":"https:\/\/gradski.me\/en\/wp-json\/wp\/v2\/media\/866594"}],"wp:attachment":[{"href":"https:\/\/gradski.me\/en\/wp-json\/wp\/v2\/media?parent=866593"}],"wp:term":[{"taxonomy":"category","embeddable":true,"href":"https:\/\/gradski.me\/en\/wp-json\/wp\/v2\/categories?post=866593"},{"taxonomy":"post_tag","embeddable":true,"href":"https:\/\/gradski.me\/en\/wp-json\/wp\/v2\/tags?post=866593"},{"taxonomy":"naslovna","embeddable":true,"href":"https:\/\/gradski.me\/en\/wp-json\/wp\/v2\/naslovna?post=866593"}],"curies":[{"name":"wp","href":"https:\/\/api.w.org\/{rel}","templated":true}]}}