{"id":866507,"date":"2025-11-07T12:00:00","date_gmt":"2025-11-07T11:00:00","guid":{"rendered":"https:\/\/gradski.me\/?p=866507"},"modified":"2025-11-07T12:00:00","modified_gmt":"2025-11-07T11:00:00","slug":"nevladine-organizacije-necemo-trgovati-principima-zbog-partijskih-zelja","status":"publish","type":"post","link":"https:\/\/gradski.me\/en\/drustvo\/nevladine-organizacije-necemo-trgovati-principima-zbog-partijskih-zelja\/","title":{"rendered":"Nevladine organizacije: Ne\u0107emo trgovati principima zbog partijskih \u017eelja"},"content":{"rendered":"<p>&#8222;Podsje\u0107amo da su\u00a0medijski zakoni usvojeni u junu 2024. godine, u okviru tzv.\u00a0IBAR paketa, stvorili osnov za\u00a0profesionalnu i nezavisnu Agenciju, \u0161to je\u00a0Evropska komisija prepoznala privremenim zatvaranjem Poglavlja 10 \u2013 Informati\u010dko dru\u0161tvo i mediji. U Izvje\u0161taju Evropske komisije je jasno poru\u010deno da proces imenovanja \u010dlanova Savjeta mora biti\u00a0brz, transparentan i oslobo\u0111en partijskog uticaja, te da\u00a0ne\u0107e biti tolerisane izmjena zakona\u00a0koje bi ugrozile samostalnost Agencije za AVMU i RTCG. Time je u <strong>Bruselu<\/strong> adekvatno prepoznata i podr\u017eana i inicijativa vi\u0161e od 100 NVO\u00a0koje su, prije pola godine, upozorile na poku\u0161aje vlasti da zakonskim intervencijama preuzmu punu kontrolu nad savjetima Agenciju za AVMU i RTCG&#8220;, stoji u saop\u0161tenju.<\/p>\n\n\n\n<p>Kako ka\u017eu, kandidat nezavisnih NVO iz oblasti medija,\u00a0Dragoljub Du\u0161ko Vukovi\u0107, prepoznat je kao\u00a0profesionalac sa integritetom i kontinuitetom u odbrani javnog interesa. <\/p>\n\n\n\n<p>&#8222;On ostaje kandidat sve dok se postupak ne okon\u010da u skladu sa zakonom. \u017dao nam je \u0161to vlast, umjesto da poka\u017ee odgovornost dr\u017eave koja je u zavr\u0161noj fazi evropskih integracija, <strong>ponavlja obrasce politi\u010dke kontrole institucija<\/strong>, identi\u010dne onima zbog kojih smo ranije, \u010dak i zajedno, kritikovali prethodnu vlast&#8220;, navodi se u saop\u0161tenju.<\/p>\n\n\n\n<p>Pozivali su skup\u0161tinsku ve\u0107inu da\u00a0&#8222;odmah prekine opstrukcije\u00a0koje traju ve\u0107\u00a015 mjeseci\u00a0i da omogu\u0107i transparentan, zakonit i po\u0161ten izbor \u010dlanova Savjeta Agencije za AVM usluge&#8220;. <\/p>\n\n\n\n<p>&#8222;To podrazumijeva i\u00a0puno po\u0161tovanje autonomije ovla\u0161\u0107enih predlaga\u010da\u00a0&#8211; nevladinih organizacija, CANU i PEN centra &#8211; da samostalno odlu\u010de ko ih predstavlja u Savjetu. Samo tako se mo\u017ee obezbijediti\u00a0<strong>nezavisna i funkcionalna Agencija<\/strong>, klju\u010dna za razvoj medija, za\u0161titu javnog interesa, ali i\u00a0napredak Crne Gore ka \u010dlanstvu u EU, navodi se u saop\u0161tenju.<\/p>\n\n\n\n<p>Poru\u010duju da ne\u0107e ulaziti u bilo kakve trgovine sa poslanicima.<\/p>\n\n\n\n<p>&#8222;Radi o\u010duvanja svog integriteta i po\u0161tovanja prema na\u0161em kandidatu\u00a0Dragoljubu Du\u0161ku Vukovi\u0107u, poru\u010dujemo da\u00a0ne\u0107emo ulaziti ni u kakve trgovine sa poslanicima. Vjerujemo da njegovo iskustvo i profesionalizam garantuju da \u0107e Savjet Agencije za AVMU ostati\u00a0nezavisan od partijskog pritiska, u skladu sa zakonom i evropskim vrijednostima.\u00a0Onim poslanicima kojima je javni interes ispred uskopartijskog to bi trebalo da bude dovoljno da za njega glasaju&#8220;, zaklju\u010dak je saop\u0161tenja koje potpisuju:<\/p>\n\n\n\n<p><br>Goran \u0110urovi\u0107, Media centar<br>Olivera Nikoli\u0107, Institut za medije Crne Gore (IMCG)<br>Daliborka Uljarevi\u0107, Centar za gra\u0111ansko obrazovanje (CGO)<br>Milka Tadi\u0107 Mijovi\u0107, Centar za istra\u017eiva\u010dko novinarstvo (CIN-CG)<br>Mila Radulovi\u0107, Udru\u017eenje profesionalnih novinara Crne Gore<br>Mustafa Canka, NVO \u201eUl Info\u201c<br>Zdravko Janju\u0161evi\u0107, Bjelopoljski demokratski centar<br>\u017deljko \u0110uki\u0107, NVO Multimedijal Montenegro<br>Nata\u0161a Nelevi\u0107, NOVA \u2013 Centar za feministi\u010dku kulturu<br>Muamera Musli\u0107, NVO \u0110akomo Adriatic<br>Boris Nedovi\u0107, NVU Centar sjevera<br>Radomir Petri\u0107, NVU Sua Sponte Bar<\/p>","protected":false},"excerpt":{"rendered":"<p>Nevladine organizacije koje su ranije podr\u017eale, a i dalje \u010dvrsto stoje iza kandidature\u00a0Dragoljuba Du\u0161ka Vukovi\u0107a\u00a0za \u010dlana Savjeta Agencije za audiovizuelne medijske usluge (AVMU), izra\u017eavaju ozbiljnu zabrinutost\u00a0zbog izjave poslanice PES-a\u00a0Jelene Nedovi\u0107, koja je prakti\u010dno poru\u010dila da Savjet treba imati podobnog predstavnika NVO sektora. Takav stav dokazuje da skup\u0161tinska ve\u0107ina poku\u0161ava da\u00a0politi\u010dki zarobi jednu od najva\u017enijih institucija u medijskom sistemu, suprotno zakonu i evropskim standardima, navodi se u zajedni\u010dkom saop\u0161tenju NVO.<\/p>","protected":false},"author":1,"featured_media":866510,"comment_status":"open","ping_status":"open","sticky":false,"template":"","format":"standard","meta":{"_acf_changed":false,"footnotes":"","jetpack_publicize_message":"","jetpack_publicize_feature_enabled":true,"jetpack_social_post_already_shared":false,"jetpack_social_options":{"image_generator_settings":{"template":"highway","default_image_id":0,"font":"","enabled":false},"version":2}},"categories":[9],"tags":[7024,414,207],"naslovna":[],"class_list":["post-866507","post","type-post","status-publish","format-standard","has-post-thumbnail","hentry","category-drustvo","tag-amu-2","tag-nvo","tag-saopstenje"],"acf":[],"jetpack_publicize_connections":[],"_links":{"self":[{"href":"https:\/\/gradski.me\/en\/wp-json\/wp\/v2\/posts\/866507","targetHints":{"allow":["GET"]}}],"collection":[{"href":"https:\/\/gradski.me\/en\/wp-json\/wp\/v2\/posts"}],"about":[{"href":"https:\/\/gradski.me\/en\/wp-json\/wp\/v2\/types\/post"}],"author":[{"embeddable":true,"href":"https:\/\/gradski.me\/en\/wp-json\/wp\/v2\/users\/1"}],"replies":[{"embeddable":true,"href":"https:\/\/gradski.me\/en\/wp-json\/wp\/v2\/comments?post=866507"}],"version-history":[{"count":0,"href":"https:\/\/gradski.me\/en\/wp-json\/wp\/v2\/posts\/866507\/revisions"}],"wp:featuredmedia":[{"embeddable":true,"href":"https:\/\/gradski.me\/en\/wp-json\/wp\/v2\/media\/866510"}],"wp:attachment":[{"href":"https:\/\/gradski.me\/en\/wp-json\/wp\/v2\/media?parent=866507"}],"wp:term":[{"taxonomy":"category","embeddable":true,"href":"https:\/\/gradski.me\/en\/wp-json\/wp\/v2\/categories?post=866507"},{"taxonomy":"post_tag","embeddable":true,"href":"https:\/\/gradski.me\/en\/wp-json\/wp\/v2\/tags?post=866507"},{"taxonomy":"naslovna","embeddable":true,"href":"https:\/\/gradski.me\/en\/wp-json\/wp\/v2\/naslovna?post=866507"}],"curies":[{"name":"wp","href":"https:\/\/api.w.org\/{rel}","templated":true}]}}