{"id":866213,"date":"2025-11-06T18:25:59","date_gmt":"2025-11-06T17:25:59","guid":{"rendered":"https:\/\/gradski.me\/?p=866213"},"modified":"2025-11-06T18:25:59","modified_gmt":"2025-11-06T17:25:59","slug":"turski-drzavljanin-prekrsajno-procesuiran-nakon-incidenta-sa-sunarodnikom-u-budvi","status":"publish","type":"post","link":"https:\/\/gradski.me\/en\/hronika\/turski-drzavljanin-prekrsajno-procesuiran-nakon-incidenta-sa-sunarodnikom-u-budvi\/","title":{"rendered":"Turski dr\u017eavljanin prekr\u0161ajno procesuiran nakon incidenta sa sunarodnikom u Budvi"},"content":{"rendered":"<p>Odjeljenje bezbjednosti Budva je, kako navode, odmah reagovalo nakon prijave da je jedna osoba poku\u0161ala nasilno ubaciti S.D. u vozilo. Utvr\u0111eno je da je S.D. dobrovoljno u\u0161ao u vozilo kojim je upravljao B.S., a sukob je nastao kada je S.D. poku\u0161ao da iza\u0111e iz vozila. B.S. se potom udaljio s lica mjesta.<\/p>\n\n\n\n<p>\u201cUtvr\u0111eno je da je S.D. dobrovoljno u\u0161ao u vozilo kojim je upravljao B.S, te da su se njih dvojica odvezli do jedne lokacije u blizini Budve, gdje je do\u0161lo do verbalnog konflikta, a potom i fizi\u010dkog na na\u010din \u0161to je B.S. povukao S.D. za ruku u momentu kada je S.D. iza\u0161ao iz vozila. B.S. se potom udaljio vozilom sa lica mjesta. Ova dva lica se znaju od ranije, a povezana su poslovnim odnosom\u201d, navodi policija.<\/p>\n\n\n\n<p>O doga\u0111aju je obavije\u0161ten dr\u017eavni tu\u017eilac u Osnovnom dr\u017eavnom tu\u017eila\u0161tvu u Kotoru, koji se izjasnio da u doga\u0111aju nema elemenata bi\u0107a krivi\u010dnog djela \u010dije se gonjenje preduzima po slu\u017ebenoj du\u017enosti.<\/p>\n\n\n\n<p>Slu\u017ebenici Odjeljenja bezbjednosti Budva su potom uhapsili B.S. i on \u0107e, uz prekr\u0161ajnu prijavu, biti priveden Sudu za prekr\u0161aje u Budvi, zbog po\u010dinjenih prekr\u0161aja iz Zakona o javnom redu miru, na \u0161tetu S.D.<\/p>\n\n\n\n<p>\u201cU daljim aktivnostima Policije \u0107e prema ovim licima biti preduzete mjere i radnje od strane inspektora za strance, a koje se ti\u010du njihovog daljeg boravka na na\u0161oj teritoriji\u201d, zaklju\u010duju iz UP.<\/p>","protected":false},"excerpt":{"rendered":"<p>Policija je saop\u0161tila da je jutros uhapsila B.S. (47), turskog dr\u017eavljanina, nakon \u0161to je do\u0161lo do fizi\u010dkog i verbalnog sukoba sa S.D. (29), tako\u0111e dr\u017eavljaninom Turske, u naselju Markovi\u0107i. Incident je, navode, povezan sa njihovim ranijim poslovnim odnosom, a tu\u017eila\u0161tvo je utvrdilo da nema elemenata krivi\u010dnog djela.<\/p>","protected":false},"author":1,"featured_media":496379,"comment_status":"open","ping_status":"open","sticky":false,"template":"","format":"standard","meta":{"_acf_changed":false,"footnotes":"","jetpack_publicize_message":"","jetpack_publicize_feature_enabled":true,"jetpack_social_post_already_shared":false,"jetpack_social_options":{"image_generator_settings":{"template":"highway","default_image_id":0,"font":"","enabled":false},"version":2}},"categories":[10],"tags":[925,2005,109],"naslovna":[],"class_list":["post-866213","post","type-post","status-publish","format-standard","has-post-thumbnail","hentry","category-hronika","tag-budva","tag-turski-drzavljanin","tag-uprava-policije"],"acf":[],"jetpack_publicize_connections":[],"_links":{"self":[{"href":"https:\/\/gradski.me\/en\/wp-json\/wp\/v2\/posts\/866213","targetHints":{"allow":["GET"]}}],"collection":[{"href":"https:\/\/gradski.me\/en\/wp-json\/wp\/v2\/posts"}],"about":[{"href":"https:\/\/gradski.me\/en\/wp-json\/wp\/v2\/types\/post"}],"author":[{"embeddable":true,"href":"https:\/\/gradski.me\/en\/wp-json\/wp\/v2\/users\/1"}],"replies":[{"embeddable":true,"href":"https:\/\/gradski.me\/en\/wp-json\/wp\/v2\/comments?post=866213"}],"version-history":[{"count":0,"href":"https:\/\/gradski.me\/en\/wp-json\/wp\/v2\/posts\/866213\/revisions"}],"wp:featuredmedia":[{"embeddable":true,"href":"https:\/\/gradski.me\/en\/wp-json\/wp\/v2\/media\/496379"}],"wp:attachment":[{"href":"https:\/\/gradski.me\/en\/wp-json\/wp\/v2\/media?parent=866213"}],"wp:term":[{"taxonomy":"category","embeddable":true,"href":"https:\/\/gradski.me\/en\/wp-json\/wp\/v2\/categories?post=866213"},{"taxonomy":"post_tag","embeddable":true,"href":"https:\/\/gradski.me\/en\/wp-json\/wp\/v2\/tags?post=866213"},{"taxonomy":"naslovna","embeddable":true,"href":"https:\/\/gradski.me\/en\/wp-json\/wp\/v2\/naslovna?post=866213"}],"curies":[{"name":"wp","href":"https:\/\/api.w.org\/{rel}","templated":true}]}}