{"id":866106,"date":"2025-11-06T16:22:00","date_gmt":"2025-11-06T15:22:00","guid":{"rendered":"https:\/\/gradski.me\/?p=866106"},"modified":"2025-11-06T16:22:00","modified_gmt":"2025-11-06T15:22:00","slug":"zadrzan-drzavljanin-turske-zbog-sumnje-na-utaju-poreza-i-pranje-novca","status":"publish","type":"post","link":"https:\/\/gradski.me\/en\/hronika\/zadrzan-drzavljanin-turske-zbog-sumnje-na-utaju-poreza-i-pranje-novca\/","title":{"rendered":"Zadr\u017ean dr\u017eavljanin Turske zbog sumnje na utaju poreza i pranje novca"},"content":{"rendered":"<p><\/p>\n\n\n\n<p>&#8222;Osnovano se sumnja da je osumnji\u010deni, u svojstvu odgovornog lica privrednog dru\u0161tva \u201cS\u201d d.o.o., tokom 2024. i 2025. godine, preduzimao radnje s ciljem izbjegavanja pla\u0107anja zakonom propisanih poreskih obaveza i prikrivanja porijekla nezakonito ste\u010denih sredstava, \u010dime je pri\u010dinjena materijalna \u0161teta Bud\u017eetu Crne Gore u iznosu od 116.082,57 eura, a sebi pribavljena protivpravna imovinska korist&#8220;, navode u saop\u0161tenju ODT-a.<\/p>","protected":false},"excerpt":{"rendered":"<p>Osnovno dr\u017eavno tu\u017eila\u0161tvo u Podgorici je odredilo zadr\u017eavanje do 72 sata S.S.Y. (dr\u017eavljanin Republike Turske), zbog postojanja osnovane sumnje da je izvr\u0161io produ\u017eeno krivi\u010dno djelo utaja poreza i doprinosa, kao i produ\u017eeno krivi\u010dno djelo pranje novca.<\/p>","protected":false},"author":1,"featured_media":677740,"comment_status":"open","ping_status":"open","sticky":false,"template":"","format":"standard","meta":{"_acf_changed":false,"footnotes":"","jetpack_publicize_message":"","jetpack_publicize_feature_enabled":true,"jetpack_social_post_already_shared":false,"jetpack_social_options":{"image_generator_settings":{"template":"highway","default_image_id":0,"font":"","enabled":false},"version":2}},"categories":[10],"tags":[1474,2005,4838],"naslovna":[],"class_list":["post-866106","post","type-post","status-publish","format-standard","has-post-thumbnail","hentry","category-hronika","tag-odt","tag-turski-drzavljanin","tag-utaja-poreza"],"acf":[],"jetpack_publicize_connections":[],"_links":{"self":[{"href":"https:\/\/gradski.me\/en\/wp-json\/wp\/v2\/posts\/866106","targetHints":{"allow":["GET"]}}],"collection":[{"href":"https:\/\/gradski.me\/en\/wp-json\/wp\/v2\/posts"}],"about":[{"href":"https:\/\/gradski.me\/en\/wp-json\/wp\/v2\/types\/post"}],"author":[{"embeddable":true,"href":"https:\/\/gradski.me\/en\/wp-json\/wp\/v2\/users\/1"}],"replies":[{"embeddable":true,"href":"https:\/\/gradski.me\/en\/wp-json\/wp\/v2\/comments?post=866106"}],"version-history":[{"count":0,"href":"https:\/\/gradski.me\/en\/wp-json\/wp\/v2\/posts\/866106\/revisions"}],"wp:featuredmedia":[{"embeddable":true,"href":"https:\/\/gradski.me\/en\/wp-json\/wp\/v2\/media\/677740"}],"wp:attachment":[{"href":"https:\/\/gradski.me\/en\/wp-json\/wp\/v2\/media?parent=866106"}],"wp:term":[{"taxonomy":"category","embeddable":true,"href":"https:\/\/gradski.me\/en\/wp-json\/wp\/v2\/categories?post=866106"},{"taxonomy":"post_tag","embeddable":true,"href":"https:\/\/gradski.me\/en\/wp-json\/wp\/v2\/tags?post=866106"},{"taxonomy":"naslovna","embeddable":true,"href":"https:\/\/gradski.me\/en\/wp-json\/wp\/v2\/naslovna?post=866106"}],"curies":[{"name":"wp","href":"https:\/\/api.w.org\/{rel}","templated":true}]}}