{"id":865827,"date":"2025-11-06T11:16:08","date_gmt":"2025-11-06T10:16:08","guid":{"rendered":"https:\/\/gradski.me\/?p=865827"},"modified":"2025-11-06T11:16:08","modified_gmt":"2025-11-06T10:16:08","slug":"uhapsen-turski-drzavljanin-osumnjicen-za-utaju-poreza-i-doprinosa-121-000-eura-i-pranje-novca","status":"publish","type":"post","link":"https:\/\/gradski.me\/en\/hronika\/uhapsen-turski-drzavljanin-osumnjicen-za-utaju-poreza-i-doprinosa-121-000-eura-i-pranje-novca\/","title":{"rendered":"Uhap\u0161en turski dr\u017eavljanin: Osumnji\u010den za utaju poreza i doprinosa 121.000 eura i pranje novca"},"content":{"rendered":"<p><\/p>\n\n\n\n<p><\/p>\n\n\n\n<p>&#8222;U postupku do podno\u0161enja krivi\u010dne prijave je utvr\u0111eno da je prijavljeni S.S.Y. kao osniva\u010d i izvr\u0161ni direktor krivi\u010dno djelo utaja poreza po\u010dinio na na\u010din \u0161to je postupaju\u0107i u ime i za ra\u010dun prijavljenog pravnog lica \u201cS.\u201d doo, kontinuirano tokom 2021., 2022., 2024. i 2025. godine u cilju izbjegavanja poreskih da\u017ebina, podizao novac u gotovini sa ra\u010duna prijavljenog pravnog lica preko ATM ure\u0111aja, pla\u0107ao razne usluge platnom karticom prijavljenog pravnog lica preko POS terminala i prebacivao novac sa ra\u010duna prijavljenog pravnog lica na svoj li\u010dni ra\u010dun, bez adekvatne poslovne dokumentacije i pravno valjanog osnova, \u010dime je po osnovu utajenog poreza na dohodak fizi\u010dkih lica, pribavio protivpravnu imovinsku korist u ukupnom iznosu od 121.432,91 eura, a \u0161to ujedno predstavlja i materijalnu \u0161tetu pri\u010dinjenu Bud\u017eetu dr\u017eave Crne Gore&#8220;, navodi se u saop\u0161tenju.<\/p>\n\n\n\n<p>Iz policije oobja\u0161njavaju da je prijavljeni S.S.Y. je krivi\u010dno djelo pranje novca po\u010dinio na na\u010din, \u0161to je u namjeri da prikrije porijeklo novca znaju\u0107i da je ste\u010den kriminalnom djelatno\u0161\u0107u, tokom februara, marta, aprila i maja mjeseca 2025.godine, sa ra\u010duna prijavljenog pravnog lica \u201cS.\u201d kod jedne poslovne banke u Crnoj Gori, bez adekvatne poslovne dokumentacije i pravno valjanog osnova vr\u0161io bezgotovinske transakcije u manjim iznosima na privatne ra\u010dune tri fizi\u010dka lica, u ukupnom iznosu od 90.010,00 eura, a koji novac mu je potom od strane tih istih lica vra\u0107an gotovinski ili bezgotovinskim uplatama na njegov li\u010dni ra\u010dun. <\/p>\n\n\n\n<p>&#8222;Ukupna materijalna \u0161teta koja je pri\u010dinjena Bud\u017eetu Crne Gore nazna\u010denim krivi\u010dnim djelima iznosi 121.432,91 eura&#8220;, navode se u saop\u0161tenju.<\/p>","protected":false},"excerpt":{"rendered":"<p>Slu\u017ebenici Sektora za borbu protiv kriminala &#8211; Odsjeka za borbu protiv korupcije, ekonomskog kriminala i sprovo\u0111enje finansijskih istraga u saradnji sa slu\u017ebenicima Sektora za finansijsko obavje\u0161tajne poslove, a u koordinaciji sa Osnovnim dr\u017eavnim tu\u017eila\u0161tvom u Podgorici, su danas 6.11.2025.godine, podnijeli krivi\u010dnu prijavu protiv pravnog lica \u2018S.\u2019\u2019 doo Podgorica i izvr\u0161nog direktora prijavljenog pravnog lica S.S.Y. (50), dr\u017eavljanina Republike Turske, koji je ju\u010de li\u0161en slobode, zbog sumnje da je izvr\u0161io krivi\u010dno djelo utaja poreza i doprinosa u produ\u017eenom trajanju i krivi\u010dno djelo pranje novca, saop\u0161teno je iz Uprave policije.<\/p>","protected":false},"author":1,"featured_media":0,"comment_status":"open","ping_status":"open","sticky":false,"template":"","format":"standard","meta":{"_acf_changed":false,"footnotes":"","jetpack_publicize_message":"","jetpack_publicize_feature_enabled":true,"jetpack_social_post_already_shared":false,"jetpack_social_options":{"image_generator_settings":{"template":"highway","default_image_id":0,"font":"","enabled":false},"version":2}},"categories":[10],"tags":[3694,5614,2005],"naslovna":[],"class_list":["post-865827","post","type-post","status-publish","format-standard","hentry","category-hronika","tag-hapsenja-2","tag-pranje-novca","tag-turski-drzavljanin"],"acf":[],"jetpack_publicize_connections":[],"_links":{"self":[{"href":"https:\/\/gradski.me\/en\/wp-json\/wp\/v2\/posts\/865827","targetHints":{"allow":["GET"]}}],"collection":[{"href":"https:\/\/gradski.me\/en\/wp-json\/wp\/v2\/posts"}],"about":[{"href":"https:\/\/gradski.me\/en\/wp-json\/wp\/v2\/types\/post"}],"author":[{"embeddable":true,"href":"https:\/\/gradski.me\/en\/wp-json\/wp\/v2\/users\/1"}],"replies":[{"embeddable":true,"href":"https:\/\/gradski.me\/en\/wp-json\/wp\/v2\/comments?post=865827"}],"version-history":[{"count":0,"href":"https:\/\/gradski.me\/en\/wp-json\/wp\/v2\/posts\/865827\/revisions"}],"wp:attachment":[{"href":"https:\/\/gradski.me\/en\/wp-json\/wp\/v2\/media?parent=865827"}],"wp:term":[{"taxonomy":"category","embeddable":true,"href":"https:\/\/gradski.me\/en\/wp-json\/wp\/v2\/categories?post=865827"},{"taxonomy":"post_tag","embeddable":true,"href":"https:\/\/gradski.me\/en\/wp-json\/wp\/v2\/tags?post=865827"},{"taxonomy":"naslovna","embeddable":true,"href":"https:\/\/gradski.me\/en\/wp-json\/wp\/v2\/naslovna?post=865827"}],"curies":[{"name":"wp","href":"https:\/\/api.w.org\/{rel}","templated":true}]}}