{"id":865503,"date":"2025-11-05T20:01:00","date_gmt":"2025-11-05T19:01:00","guid":{"rendered":"https:\/\/gradski.me\/?p=865503"},"modified":"2025-11-05T20:01:00","modified_gmt":"2025-11-05T19:01:00","slug":"svecano-otkrivena-ploca-novog-objekta-skole-vladimir-nazor-u-podgorici","status":"publish","type":"post","link":"https:\/\/gradski.me\/en\/drustvo\/svecano-otkrivena-ploca-novog-objekta-skole-vladimir-nazor-u-podgorici\/","title":{"rendered":"Sve\u010dano otkrivena plo\u010da novog objekta \u0161kole \u201cVladimir Nazor\u201d u Podgorici"},"content":{"rendered":"<p><\/p>\n\n\n\n<p><\/p>\n\n\n\n<p>Kako su kazali, tom prilikom \u0161kolu su posjetili&nbsp;<strong>Robert De Grot<\/strong>&nbsp;potredsjednik Evropske investicione banke,&nbsp;<strong>Bernard Brunet<\/strong>&nbsp;predstavnik Delegacije EU u Crnoj Gori,<strong>&nbsp;Tatjana \u0106alasan<\/strong>&nbsp;dr\u017eavna sekretarka Ministarstva prosvjete, nauke i inovacija i&nbsp;<strong>Marko Joki\u0107<\/strong>&nbsp;dr\u017eavni sekretar Ministarstva javnih radova.<\/p>\n\n\n\n<p>\u201cTokom posjete, gosti su imali priliku da se upoznaju sa radom \u0161kole, njenim programima i projektima koji se sprovode u cilju unapre\u0111enja obrazovanja\u201d, navodi se u saop\u0161tenju.<\/p>\n\n\n\n<p>Potpredsjednik EIB-a De Grot istakao je va\u017enost ulaganja u obrazovanje kao klju\u010dno sredstvo za razvoj dru\u0161tva i ekonomije.<\/p>\n\n\n\n<p>\u201cEvropska investiciona banka \u0107e nastaviti da podr\u017eava projekte koji doprinose pobolj\u0161anju obrazovnog sistema u regionu\u201c, naglasio je De Grot.<\/p>\n\n\n\n<p>Bernard Brunet, predstavnik Delegacije EU, pohvalio je trud i posve\u0107enost nastavnog osoblja i u\u010denika, nagla\u0161avaju\u0107i da je obrazovanje temelj evropskih vrijednosti i prosperiteta.<\/p>\n\n\n\n<p>On je tako\u0111e ukazao na va\u017enost saradnje izme\u0111u EU i Crne Gore u oblasti obrazovanja i inovacija.<\/p>\n\n\n\n<p>Tatjana \u0106alasan, dr\u017eavna sekretarka Ministarstva prosvjete, nauke i inovacija je naglasila da je Ministarstvo prosvjete, nauke i inovacija posve\u0107eno unapre\u0111enju obrazovnog sistema i stvaranju boljih uslova za u\u010denike i nastavnike.<\/p>\n\n\n\n<p>\u201cKroz Program unapre\u0111enja crnogorskog obrazovanja, koji Vlada Crne Gore realizuje u saradnji sa EIB i uz podr\u0161ku Evropske unije, stvaramo nova i bolja mjesta za u\u010denje, dru\u017eenje i razvoj. Ovaj projekat je va\u017ean ne samo zbog svoje finansijske vrijednosti, ve\u0107 i zbog njegove su\u0161tine \u2013 jer ula\u017ee u najvrijednije \u0161to imamo, u na\u0161u djecu i njihovu budu\u0107nost\u201c, rekla je \u0106alasan i izrazila zahvalnost EIB-u i EU, partnerima i svima koji su doprinijeli realizaciji ovog projekta.<\/p>\n\n\n\n<p>Marko Joki\u0107, dr\u017eavni sekretar Ministarstva javnih radova je naglasio da se realizacijom ovog projekta pokazalo da su obrazovanje i razvoj mladih, vrijednosti koje povezuju institucije, partnere i&nbsp; zajednicu, ali i jedan od klju\u010dnih prioriteta ove Vlade.<\/p>\n\n\n\n<p>\u201cOvo nije samo infrastrukturni poduhvat, ve\u0107 simbol zajedni\u010dke vizije i opredjeljenja dr\u017eave \u2013 da svako dijete u Crnoj Gori ima pravo na savremene uslove za u\u010denje i napredak. Jer samo znanjem i obrazovanjem gradimo odr\u017eivu i evropsku budu\u0107nost na\u0161e zemlje\u201c, istakao je Joki\u0107.<\/p>\n\n\n\n<p><strong>Ljiljana Markovi\u0107<\/strong>, direktorica JU O\u0160 \u201cVladimir Nazor\u201d je zahvalila svima koji su pomogli da \u0161kola \u201cVladimir Nazor\u201c nastavi da bude simbol znanja, zajedni\u0161tva i odrastanja mnogih generacija, sada moderna, savremena i na ponos svih koji su njen dio.<\/p>\n\n\n\n<figure class=\"wp-block-image size-large\"><img fetchpriority=\"high\" decoding=\"async\" width=\"1024\" height=\"819\" src=\"https:\/\/new.gradski.me\/wp-content\/uploads\/2025\/11\/foto-V.Nazor-1-1024x819.jpg\" alt=\"\" class=\"wp-image-865505\" title=\"\" srcset=\"https:\/\/gradski.me\/wp-content\/uploads\/2025\/11\/foto-V.Nazor-1-1024x819.jpg 1024w, https:\/\/gradski.me\/wp-content\/uploads\/2025\/11\/foto-V.Nazor-1-300x240.jpg 300w, https:\/\/gradski.me\/wp-content\/uploads\/2025\/11\/foto-V.Nazor-1-768x614.jpg 768w, https:\/\/gradski.me\/wp-content\/uploads\/2025\/11\/foto-V.Nazor-1-15x12.jpg 15w, https:\/\/gradski.me\/wp-content\/uploads\/2025\/11\/foto-V.Nazor-1.jpg 1500w\" sizes=\"(max-width: 1024px) 100vw, 1024px\" \/><figcaption class=\"wp-element-caption\">foto: MPNI<\/figcaption><\/figure>\n\n\n\n<p><\/p>","protected":false},"excerpt":{"rendered":"<p>Danas je u JU O\u0160 \u201cVladimir Nazor\u201d u Podgorici sve\u010dano otkrivena plo\u010da novog objekta \u0161kole, koja svjedo\u010di o uspje\u0161noj saradnji na\u0161e dr\u017eave i Evropske investicione banke, saop\u0161teno je iz Ministarstva prosvjete, nauke i inovacija (MPNI).<\/p>","protected":false},"author":1,"featured_media":865504,"comment_status":"open","ping_status":"open","sticky":false,"template":"","format":"standard","meta":{"_acf_changed":false,"footnotes":"","jetpack_publicize_message":"","jetpack_publicize_feature_enabled":true,"jetpack_social_post_already_shared":false,"jetpack_social_options":{"image_generator_settings":{"template":"highway","default_image_id":0,"font":"","enabled":false},"version":2}},"categories":[9],"tags":[610,28,11568],"naslovna":[],"class_list":["post-865503","post","type-post","status-publish","format-standard","has-post-thumbnail","hentry","category-drustvo","tag-mpni","tag-podgorica","tag-vladimir-nazor"],"acf":[],"jetpack_publicize_connections":[],"_links":{"self":[{"href":"https:\/\/gradski.me\/en\/wp-json\/wp\/v2\/posts\/865503","targetHints":{"allow":["GET"]}}],"collection":[{"href":"https:\/\/gradski.me\/en\/wp-json\/wp\/v2\/posts"}],"about":[{"href":"https:\/\/gradski.me\/en\/wp-json\/wp\/v2\/types\/post"}],"author":[{"embeddable":true,"href":"https:\/\/gradski.me\/en\/wp-json\/wp\/v2\/users\/1"}],"replies":[{"embeddable":true,"href":"https:\/\/gradski.me\/en\/wp-json\/wp\/v2\/comments?post=865503"}],"version-history":[{"count":0,"href":"https:\/\/gradski.me\/en\/wp-json\/wp\/v2\/posts\/865503\/revisions"}],"wp:featuredmedia":[{"embeddable":true,"href":"https:\/\/gradski.me\/en\/wp-json\/wp\/v2\/media\/865504"}],"wp:attachment":[{"href":"https:\/\/gradski.me\/en\/wp-json\/wp\/v2\/media?parent=865503"}],"wp:term":[{"taxonomy":"category","embeddable":true,"href":"https:\/\/gradski.me\/en\/wp-json\/wp\/v2\/categories?post=865503"},{"taxonomy":"post_tag","embeddable":true,"href":"https:\/\/gradski.me\/en\/wp-json\/wp\/v2\/tags?post=865503"},{"taxonomy":"naslovna","embeddable":true,"href":"https:\/\/gradski.me\/en\/wp-json\/wp\/v2\/naslovna?post=865503"}],"curies":[{"name":"wp","href":"https:\/\/api.w.org\/{rel}","templated":true}]}}