{"id":865238,"date":"2025-11-05T15:09:00","date_gmt":"2025-11-05T14:09:00","guid":{"rendered":"https:\/\/gradski.me\/?p=865238"},"modified":"2025-11-05T15:09:00","modified_gmt":"2025-11-05T14:09:00","slug":"poslanici-opozicije-traze-kontrolno-saslusanje-spajica-saranovica-scepanovica-i-janovica-zbog-incidenta-na-zabjelu","status":"publish","type":"post","link":"https:\/\/gradski.me\/en\/politika\/poslanici-opozicije-traze-kontrolno-saslusanje-spajica-saranovica-scepanovica-i-janovica-zbog-incidenta-na-zabjelu\/","title":{"rendered":"Poslanici opozicije tra\u017ee kontrolno saslu\u0161anje Spaji\u0107a, \u0160aranovi\u0107a, \u0160\u0107epanovi\u0107a i Janovi\u0107a zbog incidenta na Zabjelu"},"content":{"rendered":"<p><\/p>\n\n\n\n<p><\/p>\n\n\n\n<p>Poslanici Danijel \u017divkovi\u0107, Nikola Janovi\u0107, Dritan Abazovi\u0107, Nikola Zirojevi\u0107 i Jevrosima Pejovi\u0107 podnijeli su Odboru za bezbjednost i odbranu zahtjev za odr\u017eavanje kontrolnog saslu\u0161anja \u010delnih ljudi sektora bezbjednosti i predsjednika Vlade.<\/p>\n\n\n\n<p>\u201cZbog incidenta na Zabjelu u kojem je napadnut dr\u017eavljanin Crne Gore, te zvani\u010dnog saop\u0161tenja Uprave policije da su me\u0111u osumnji\u010denima turski dr\u017eavljani koji \u017eive i rade u Crnoj Gori, u Podgorici i drugim crnogorskim gradovima, nastupila je atmosfera tenzija, grupe ljudi mar\u0161irale su ulicama i prijetile migrantima, a Vlada premijera Milojka Spaji\u0107a donijela je hitnu odluku o ukidanju bezviznog re\u017eima sa Republikom Turskom\u201d, isti\u010de se u inicijativi.<\/p>\n\n\n\n<p>Iako je, dodaju, naknadna istraga pokazala u incidentu nijesu u\u010destvovali dr\u017eavljani Republike Turske, ve\u0107 da su osumnji\u010dena lica iz Azerbejd\u017eana na privremenom boravku u Crnoj Gori, posljedice po odnose dvije dr\u017eave ve\u0107 su nastupile.<\/p>\n\n\n\n<p>\u201cZbog neta\u010dnog informisanja javnosti od strane Uprave policije, urgentne odluke Vlade Crne Gore koja je donesena na temelju dezinformacija, eskalacije ksenefobije na ulicama, kao i potencijalnog naru\u0161avanja tradicionalno dobrih bilateralnih odnosa Podgorice i Ankare, i mogu\u0107e recipro\u010dne reakcije, smatramo da je neophodno organizovati kontrolno saslu\u0161anje predsjednika<br>Vlade Crne Gore Milojka Spaji\u0107a, ministra unutra\u0161njih poslova Danila \u0160aranovi\u0107a, v.d. direktora Uprave policije Lazara \u0160\u0107epanovi\u0107a i direktora ANB-a Ivice Janovi\u0107a\u201d, navode oni.<\/p>","protected":false},"excerpt":{"rendered":"<p>Poslanici opozicije u Odboru za bezbjednost i odbranu Skup\u0161tine Crne Gore poslali su zahtjev za kontrolno saslu\u0161anje predsjednika Vlade Crne Gore Milojka Spaji\u0107a, ministra unutra\u0161njih poslova Danila \u0160aranovi\u0107a, v.d. direktora Uprave policije Lazara \u0160\u0107epanovi\u0107a i direktora Agencije za nacionalnu bezbjednost Ivice Janovi\u0107a zbog dezinformacija koje su pratile incident na Zabjelu i odluku Vlade o ukidanju bezviznog re\u017eima sa Turskom.<\/p>","protected":false},"author":1,"featured_media":800588,"comment_status":"open","ping_status":"open","sticky":false,"template":"","format":"standard","meta":{"_acf_changed":false,"footnotes":"","jetpack_publicize_message":"","jetpack_publicize_feature_enabled":true,"jetpack_social_post_already_shared":false,"jetpack_social_options":{"image_generator_settings":{"template":"highway","default_image_id":0,"font":"","enabled":false},"version":2}},"categories":[7],"tags":[11513,11514,11346],"naslovna":[],"class_list":["post-865238","post","type-post","status-publish","format-standard","has-post-thumbnail","hentry","category-politika","tag-incident-na-zabjelu","tag-kontralno-sslusanje","tag-poslanici-opozicije"],"acf":[],"jetpack_publicize_connections":[],"_links":{"self":[{"href":"https:\/\/gradski.me\/en\/wp-json\/wp\/v2\/posts\/865238","targetHints":{"allow":["GET"]}}],"collection":[{"href":"https:\/\/gradski.me\/en\/wp-json\/wp\/v2\/posts"}],"about":[{"href":"https:\/\/gradski.me\/en\/wp-json\/wp\/v2\/types\/post"}],"author":[{"embeddable":true,"href":"https:\/\/gradski.me\/en\/wp-json\/wp\/v2\/users\/1"}],"replies":[{"embeddable":true,"href":"https:\/\/gradski.me\/en\/wp-json\/wp\/v2\/comments?post=865238"}],"version-history":[{"count":0,"href":"https:\/\/gradski.me\/en\/wp-json\/wp\/v2\/posts\/865238\/revisions"}],"wp:featuredmedia":[{"embeddable":true,"href":"https:\/\/gradski.me\/en\/wp-json\/wp\/v2\/media\/800588"}],"wp:attachment":[{"href":"https:\/\/gradski.me\/en\/wp-json\/wp\/v2\/media?parent=865238"}],"wp:term":[{"taxonomy":"category","embeddable":true,"href":"https:\/\/gradski.me\/en\/wp-json\/wp\/v2\/categories?post=865238"},{"taxonomy":"post_tag","embeddable":true,"href":"https:\/\/gradski.me\/en\/wp-json\/wp\/v2\/tags?post=865238"},{"taxonomy":"naslovna","embeddable":true,"href":"https:\/\/gradski.me\/en\/wp-json\/wp\/v2\/naslovna?post=865238"}],"curies":[{"name":"wp","href":"https:\/\/api.w.org\/{rel}","templated":true}]}}