{"id":865195,"date":"2025-11-05T14:17:11","date_gmt":"2025-11-05T13:17:11","guid":{"rendered":"https:\/\/gradski.me\/?p=865195"},"modified":"2025-11-05T14:17:11","modified_gmt":"2025-11-05T13:17:11","slug":"vukovic-fiskalni-savjet-bilo-bi-znacajno-formirati-do-kraja-godine","status":"publish","type":"post","link":"https:\/\/gradski.me\/en\/ekonomija\/vukovic-fiskalni-savjet-bilo-bi-znacajno-formirati-do-kraja-godine\/","title":{"rendered":"Vukovi\u0107: Fiskalni savjet bilo bi zna\u010dajno formirati do kraja godine"},"content":{"rendered":"<p><\/p>\n\n\n\n<p>On je na radnom doru\u010dku sa novinarima povodom predstavljanja godi\u0161njeg izvje\u0161taja EK za Crnu Goru, kazao da je Vlada podr\u017eala njegov predlog i proslijedila ga na dalje usvajanje Skup\u0161tini.<\/p>\n\n\n\n<p>\u201eOnoliko koliko sam upoznat da su kroz dalje odbore dva kandidata u opticaju, da Skup\u0161tina na kraju nije kandidovala svog kandidata, a mi sa dva kandidata mo\u017eemo da oformimo Fiskalni savjet\u201c, rekao je Vukovi\u0107.<\/p>\n\n\n\n<p>On je kazao da to nije samo preporuka EK, ve\u0107 i Svjetske banke i Me\u0111unarodnog monetarnog fonda (MMF) i da je zna\u010dajno da Crna Gora zaista ima uspostavljeno to tijelo, a samim tim i neke rezultate njihove u narednoj godini.<\/p>\n\n\n\n<p>\u201eVe\u0107 prilikom usvajanja bud\u017eeta u narednoj godini tu bio potreban stav Fiskalnog savjeta i bilo bi zaista zna\u010dajno da parlament to u\u010dini i do kraja godine\u201c, dodao je Vukovi\u0107.<\/p>\n\n\n\n<p>Po pitanju ekonomskih kriterijuma za \u010dlanstvo, u izvje\u0161taju je konstatovano da bi Crna Gora trebalo da usvoji i implementira fiskalne mjere koje \u0107e ograni\u010diti javnu potro\u0161nju. Crna Gora bi trebalo da obezbijedi funkcionalnost Fiskalnog savjeta u skladu sa Zakonom o bud\u017eetu i fiskalnoj odgovornosti, kako bi se mogao blagovremeno izvr\u0161i revizije Predloga zakona o bud\u017eetu za narednu godinu.<\/p>\n\n\n\n<p>Vukovi\u0107 je saop\u0161tio da je novi izvje\u0161taj EK o Crnoj Gori pokazatelj da se nastavlja ostvarivanje zna\u010dajnog napretka u procesu pristupanja Evropskoj uniji.<\/p>\n\n\n\n<p>\u201eMo\u017ee se konstatovati da je izvje\u0161taj pozitivan i da je ekvivalentan dobar i veoma dobar napredak u gotovo svim pregovara\u010dkim poglavljima za koje je nadle\u017eno Ministarstvo finansija\u201c, kazao je Vukovi\u0107.<\/p>\n\n\n\n<p>Ministarstvo finansija u pregovara\u010dkom procesu ima jednu od klju\u010dnih uloga, ne samo kroz direktnu nadle\u017enost u pregovorima, i to u 11 pregovara\u010dkih poglavlja, ve\u0107 i kroz ispunjavanje ekonomskih kriterijuma za \u010dlanstvo u Uniji.<\/p>\n\n\n\n<p>\u201eVa\u017eno je ista\u0107i da smo u prethodnih godinu napravili zna\u010dajan iskorak u modernizaciji finansijskog sektora. Samo u toj oblasti usvojeno je 16 zakona koji se odnose na ispunjavanje obaveza u pregovara\u010dkim poglavljima \u010detiri i devet, koja se odnose na slobodu kretanja kapitala i finansijske usluge\u201c, precizirao je Vukovi\u0107.<\/p>\n\n\n\n<p>On je naveo da je njihov cilj da do kraja ove godine privremeno zatvore poglavlje \u010detiri, a i ocjene iz Izvje\u0161taja o Crnoj Gori i preporuke iz EK ukazuje da je zatvaranje vrlo izvjesno.<\/p>\n\n\n\n<p>Tako\u0111e do kraja godine se o\u010dekuje i poziv jer je sve pripremljeno za zatvaranje Poglavlja \u0161est \u2013 Privredno pravo.<\/p>\n\n\n\n<p>\u201eSama poglavlja imaju odre\u0111enu dinamiku, bez obzira koliko imali progres i brzo djelovali u dijelu implementacije nacionalnog zakonodavstva sa zakonodavstvom EU, ipak neka poglavlja, kao \u0161to je Poglavlje 33 mora sa\u010dekati, i ono se u principu zatvara posljednje kada se postignu rezultati i progres u ostalim poglavljima\u201c, dodao je Vukovi\u0107.<\/p>\n\n\n\n<p>Mnistarka rada, zapo\u0161ljavanja i socijalnog dijaloga,&nbsp;<strong>Naida Nisic<\/strong>, kazala je da se grade temelji za odr\u017eiv ekonomski razvoj, socijalnu sigurnost i pravedno dru\u0161tvo.<\/p>\n\n\n\n<p>\u201eMinistarstvo nastavlja ka cilju da kroz odgovorno upravljanje, partnerski odnos i evropske vrijednosti obezbijedi bolje uslove \u017eivota za sve gra\u0111ane Crne Gore\u201c, navela je Ni\u0161i\u0107.<\/p>\n\n\n\n<p>Prema njenim rije\u010dima, kada je u pitanju politika zapo\u0161ljavanja, va\u017eno je unaprijediti produktivnost i usmjeriti mjere na te\u017ee zaposlive kategorije stanovni\u0161tva.<\/p>\n\n\n\n<p>\u201eCrna Gora ove godine ima najni\u017eu istorijsku stopu nezaposlenosti od 8,93 odsto, otkad je Zavod za zapo\u0161ljavanje (ZZZ) mjeri\u201c, podsjetila je Ni\u0161i\u0107.<\/p>\n\n\n\n<p>\u0160to se radnog zakonodavstva ti\u010de, Ministarstvo rada u zadnjih godinu i po je, kako je kazala, posve\u0107eno uskla\u0111ivanju radnog zakonodavstva direktivama Evropske unije.<\/p>\n\n\n\n<p>\u201eU vi\u0161e navrata poslali smo Zakon o radu uskla\u0111en sa svim direktivama Evropske unije na kona\u010dni \u010dek sa njihove strane za dvije direktive i okvirni Sporazum za rad od ku\u0107e, odnosno izvan prostorija poslodavca gdje smo ve\u0107 dobili komentare, tako da taj dio radnog zakonodavstva o\u010dekujemo da \u0107emo usvojiti do kraja ove godine, dok za ostale direktive koje smo poslali tako\u0111e o\u010dekujemo povratnu informaciju. Usvajanje kompletnog radnog zakonodavstva je jako bitno za na\u0161e gra\u0111ane zato \u0161to \u0107e im obezbijediti iste uslove, principe i na\u010din funkcionisanja i za\u0161tite u u svijetu rada kao \u0161to imaju i evropski dr\u017eavljani najkasnije po\u010detkom naredne godine\u201c, navela je Ni\u0161i\u0107.<\/p>\n\n\n\n<p>Ministarka saobra\u0107aja,&nbsp;<strong>Maja Vukicevic<\/strong>, kazala je da je zadovoljna ostvarenim zna\u010dajnim napretkom u poglavljima 14 i 21, koja se odnose na transportnu politiku i transevropske mre\u017ee.<\/p>\n\n\n\n<p>\u201eO\u010dekuje nas usvajanje 33 zakonska i podzakonska akta do kraja godine. Do kraja godine u Poglavlju 14 o\u010dekujemo usvajanje osam zakonskih akata\u201c, navela je Vuki\u0107evi\u0107.<\/p>\n\n\n\n<p>Ona je rekla da su u Poglavlju 21, od tri zavr\u0161na mjerila dva ispunjena, ali da se o\u010dekuje da u narednih deset dana i to bude ispunjeno.<\/p>\n\n\n\n<p>\u201ePrvo mjerilo se odnosi na dogovor o budu\u0107noj transevropskoj mre\u017ei Crne Gore, drugo mjerilo je lista prioritetnih projekata, a tre\u0107e je ja\u010danje administrativnih kapaciteta. Anga\u017eovali smo ljude bez optere\u0107ivanja dr\u017eavne administracije uz pomo\u0107 projekata\u201c, kazala je Vuki\u0107evi\u0107.<\/p>\n\n\n\n<p>Ona je navela da kada je preuzela resor, njihovo odjeljenje za kapitalnu saradnju nije postojalo, pa su od ljudi u Ministarstvu koji su ranije radili te poslove, vratili ih u taj sektor.<\/p>\n\n\n\n<p>\u201eIako nam situacija nije izgledala sjajno, sada sam jako zadovoljna\u201c, dodala je Vuki\u0107evi\u0107.<\/p>\n\n\n\n<p>Ministar poljoprivrede, \u0161umarstva i vodoprivrede,&nbsp;<strong>Vladimir Jokovic<\/strong>, kazao je da je taj Vladin resor u nadle\u017enosti poglavlja 11, 12 i 13, koja se odnose na poljoprivredu i ruralni razvoj, bezbjednost hrane, veterine, fitosanitarni poslovi i ribarstvo.<\/p>\n\n\n\n<p>\u201eUspostavili smo klju\u010dne mehanizme, uklju\u010duju\u0107i Agenciju za pla\u0107anje, \u0161to je u obavezi Crne Gore kako bi mogla upravljati evropskim fondovima\u201c, naveo je Jokovi\u0107.<\/p>\n\n\n\n<p>On je rekao da su potvrdili punu spremnost za zatvaranje poglavlja 11 i 13 do kraja godine.<\/p>\n\n\n\n<p>\u201eOvo Ministarstvo je spremno da zatvori poglavlja 11 i 13, a do kraja naredne godine i Poglavlje 12. Ima\u0107emo dosta posla, ali smo svi maksimalno posve\u0107eni i Ministarstvo poljoprivrede ne\u0107e biti ko\u010dnica ulasku Crne Gore u EU\u201c, dodao je Jokovi\u0107.<\/p>\n\n\n\n<p>On je naveo da rade poljoprivredne ku\u0107e u Beranama i Pljevljima, a vrlo brzo i u Nik\u0161i\u0107u.<\/p>\n\n\n\n<p>\u201eRadimo punim kapacitetima sa raspolo\u017eivim resursima, koji su bez obzira na tvrdnje da se zapo\u0161ljava mimo planova, sve analize koje radi EK o optere\u0107enosti na\u0161ih zaposlenih govore o nedostatku administrativnih kapaciteta kako bi zavr\u0161ili sve poslove koji su pred nama\u201c, rekao je Jokovi\u0107.<\/p>","protected":false},"excerpt":{"rendered":"<p>Ministarstvo finansija je predlo\u017eilo odli\u010dnog kandidata za Fiskalni savjet, koji bi bilo zna\u010dajno oformiti do kraja godine, saop\u0161tio je resorni ministar\u00a0Novica Vukovi\u0107\u00a0i dodao da je to jedna od preporuka Evropske komisije (EK).<\/p>","protected":false},"author":1,"featured_media":739194,"comment_status":"open","ping_status":"open","sticky":false,"template":"","format":"standard","meta":{"_acf_changed":false,"footnotes":"","jetpack_publicize_message":"","jetpack_publicize_feature_enabled":true,"jetpack_social_post_already_shared":false,"jetpack_social_options":{"image_generator_settings":{"template":"highway","default_image_id":0,"font":"","enabled":false},"version":2}},"categories":[8],"tags":[6587,179],"naslovna":[],"class_list":["post-865195","post","type-post","status-publish","format-standard","has-post-thumbnail","hentry","category-ekonomija","tag-ministar-finansija-2","tag-novica-vukovic"],"acf":[],"jetpack_publicize_connections":[],"_links":{"self":[{"href":"https:\/\/gradski.me\/en\/wp-json\/wp\/v2\/posts\/865195","targetHints":{"allow":["GET"]}}],"collection":[{"href":"https:\/\/gradski.me\/en\/wp-json\/wp\/v2\/posts"}],"about":[{"href":"https:\/\/gradski.me\/en\/wp-json\/wp\/v2\/types\/post"}],"author":[{"embeddable":true,"href":"https:\/\/gradski.me\/en\/wp-json\/wp\/v2\/users\/1"}],"replies":[{"embeddable":true,"href":"https:\/\/gradski.me\/en\/wp-json\/wp\/v2\/comments?post=865195"}],"version-history":[{"count":0,"href":"https:\/\/gradski.me\/en\/wp-json\/wp\/v2\/posts\/865195\/revisions"}],"wp:featuredmedia":[{"embeddable":true,"href":"https:\/\/gradski.me\/en\/wp-json\/wp\/v2\/media\/739194"}],"wp:attachment":[{"href":"https:\/\/gradski.me\/en\/wp-json\/wp\/v2\/media?parent=865195"}],"wp:term":[{"taxonomy":"category","embeddable":true,"href":"https:\/\/gradski.me\/en\/wp-json\/wp\/v2\/categories?post=865195"},{"taxonomy":"post_tag","embeddable":true,"href":"https:\/\/gradski.me\/en\/wp-json\/wp\/v2\/tags?post=865195"},{"taxonomy":"naslovna","embeddable":true,"href":"https:\/\/gradski.me\/en\/wp-json\/wp\/v2\/naslovna?post=865195"}],"curies":[{"name":"wp","href":"https:\/\/api.w.org\/{rel}","templated":true}]}}