{"id":864867,"date":"2025-11-05T08:33:00","date_gmt":"2025-11-05T07:33:00","guid":{"rendered":"https:\/\/gradski.me\/?p=864867"},"modified":"2025-11-05T08:33:00","modified_gmt":"2025-11-05T07:33:00","slug":"sep-evropske-vrijednosti-potrebno-uspostaviti-u-realnosti","status":"publish","type":"post","link":"https:\/\/gradski.me\/en\/politika\/sep-evropske-vrijednosti-potrebno-uspostaviti-u-realnosti\/","title":{"rendered":"SEP: Evropske vrijednosti potrebno uspostaviti u realnosti"},"content":{"rendered":"<p><\/p>\n\n\n\n<p>Spremnost Evropske unije da otvori put Crnoj Gori ka \u010dlanstvu \u2013 jeste okolnost, kako navode, od najve\u0107eg interesa za na\u0161u dr\u017eavu i sve gra\u0111ane. Pozivaju sve politi\u010dke i dru\u0161tvene aktere da ovom cilju daju puni doprinos.<\/p>\n\n\n\n<p>&#8222;Ne \u017eelimo govoriti o rokovima, datumima ili pore\u0111enju sa drugim kandidatima. Vjerujemo da se \u010dlanstvo mo\u017ee zaslu\u017eiti samo kroz odgovorne odluke, konkretne rezultate i dosljedne reforme, uz evropski na\u010din djelovanja i postupanja u svakoj prilici. Na\u0161a zemlja ima istorijsku priliku da postane naredna \u010dlanica Evropske unije, ali je potrebno da evropske vrijednosti i evropski kvalitet \u017eivota uspostavljamo i u realnosti \u2013 uz odvikavanje od dosada\u0161njih praksi obe\u0107avanja i o\u010dekivanja&#8220;, poru\u010duju iz SEP-a.<\/p>","protected":false},"excerpt":{"rendered":"<p>Stranka evropskog progresa pozdravlja Izvje\u0161taj Evropske komisije uz poruke ohrabrenja iz Brisela, koje jasno pokazuju da se Crna Gora pribli\u017eila istorijskom cilju na kojem progresivne snage rade ve\u0107 vi\u0161e od deceniju, navode iz ove partije.<\/p>","protected":false},"author":1,"featured_media":690141,"comment_status":"open","ping_status":"open","sticky":false,"template":"","format":"standard","meta":{"_acf_changed":false,"footnotes":"","jetpack_publicize_message":"","jetpack_publicize_feature_enabled":true,"jetpack_social_post_already_shared":false,"jetpack_social_options":{"image_generator_settings":{"template":"highway","default_image_id":0,"font":"","enabled":false},"version":2}},"categories":[7],"tags":[282,11383,3041],"naslovna":[],"class_list":["post-864867","post","type-post","status-publish","format-standard","has-post-thumbnail","hentry","category-politika","tag-eu","tag-izvjestaj-evropske-komisije","tag-stranka-evropskog-progresa"],"acf":[],"jetpack_publicize_connections":[],"_links":{"self":[{"href":"https:\/\/gradski.me\/en\/wp-json\/wp\/v2\/posts\/864867","targetHints":{"allow":["GET"]}}],"collection":[{"href":"https:\/\/gradski.me\/en\/wp-json\/wp\/v2\/posts"}],"about":[{"href":"https:\/\/gradski.me\/en\/wp-json\/wp\/v2\/types\/post"}],"author":[{"embeddable":true,"href":"https:\/\/gradski.me\/en\/wp-json\/wp\/v2\/users\/1"}],"replies":[{"embeddable":true,"href":"https:\/\/gradski.me\/en\/wp-json\/wp\/v2\/comments?post=864867"}],"version-history":[{"count":0,"href":"https:\/\/gradski.me\/en\/wp-json\/wp\/v2\/posts\/864867\/revisions"}],"wp:featuredmedia":[{"embeddable":true,"href":"https:\/\/gradski.me\/en\/wp-json\/wp\/v2\/media\/690141"}],"wp:attachment":[{"href":"https:\/\/gradski.me\/en\/wp-json\/wp\/v2\/media?parent=864867"}],"wp:term":[{"taxonomy":"category","embeddable":true,"href":"https:\/\/gradski.me\/en\/wp-json\/wp\/v2\/categories?post=864867"},{"taxonomy":"post_tag","embeddable":true,"href":"https:\/\/gradski.me\/en\/wp-json\/wp\/v2\/tags?post=864867"},{"taxonomy":"naslovna","embeddable":true,"href":"https:\/\/gradski.me\/en\/wp-json\/wp\/v2\/naslovna?post=864867"}],"curies":[{"name":"wp","href":"https:\/\/api.w.org\/{rel}","templated":true}]}}