{"id":864860,"date":"2025-11-05T08:01:00","date_gmt":"2025-11-05T07:01:00","guid":{"rendered":"https:\/\/gradski.me\/?p=864860"},"modified":"2025-11-05T08:01:00","modified_gmt":"2025-11-05T07:01:00","slug":"tuzla-u-pozaru-u-domu-starih-poginulo-10-osoba-medju-povrijedjenima-i-clanovi-spasilackih-ekipa","status":"publish","type":"post","link":"https:\/\/gradski.me\/en\/region\/tuzla-u-pozaru-u-domu-starih-poginulo-10-osoba-medju-povrijedjenima-i-clanovi-spasilackih-ekipa\/","title":{"rendered":"U po\u017earu u tuzlanskom domu penzionera poginulo 11 osoba, 35 povrije\u0111enih"},"content":{"rendered":"<p>Povrije\u0111eni su smje\u0161teni u klinike i to 17 u Slavinovi\u0107e, pet je na intenzivnoj, dvoje u hiru\u0161kom \u0161oku, navedeno je na vanrednom kolegiju gradona\u010delnika Tuzle Zijada Lugavi\u0107a koji je u toku.<\/p>\n\n\n\n<p>Iz Doma penzionera u slu\u017ebenoj objavi nekoliko sati nakon tragedije potvrdili su prelimirani broj mrtvih i povrije\u0111enih, te naveli da su povrije\u0111eni zbrinuti u Univerzitetsko-klini\u010dkom centru Tuzla.<\/p>\n\n\n\n<p>Objavili su da su poginuli \u0161ti\u0107enici doma, te da su me\u0111u povrije\u0111enima, osim korisnika ustanove i pripadnici policije, vatrogasci, medicinski radnici, kao i uposlenici Doma penzionera Tuzla.<\/p>\n\n\n\n<p>&#8222;Brzom intervencijom po\u017ear su stavili pod kontrolu i ugasili pripadnici Profesionalne vatrogasne jedinice Tuzla, uz podr\u0161ku Profesionalne vatrogasne jedinice Srebrenik, te dobrovoljnih vatrogasnih dru\u0161tava Gornja Tuzla i Tuzla i Uprave policije MUP-a TK. Korisnicima sa ugro\u017eenih spratova pripadnici Doma zdravlja Tuzla su ukazali medicinsku pomo\u0107, nakon \u010dega su zbrinuti na ni\u017ee spratove ustanove&#8220;, naveli su iz ovog doma.<\/p>\n\n\n\n<p>Navedeno je da je medicinsku pomo\u0107 ugro\u017eenima pru\u017ealo i medicinsko osoblje domova zdravlja Lukavac, Srebrenik i Kalesija.<\/p>\n\n\n\n<p>MUP je sino\u0107 objavio da \u0107e uvi\u0111aj biti izvr\u0161en kada se za to steknu uslovi.<\/p>\n\n\n\n<p>U ga\u0161enju po\u017eara je u\u010destvovao veliki broj vatrogasaca, a na terenu su pripadnici policije i hitna slu\u017eba.<\/p>\n\n\n\n<p>Predsjednik Vlade Tuzlanskog kantona Irfan Halilagi\u0107 izjavio je za Javni servis BHRT da se tra\u017ei rje\u0161enje za privremeni smje\u0161taj \u0161ti\u0107enika doma.<\/p>\n\n\n\n<p>Premijer Federacije BiH Nermin Nik\u0161i\u0107 za BHRT je najavio da \u0107e Vlada u\u010destvovati u sanaciji doma i zbrinjavanju korisnika.<\/p>\n\n\n\n<p>&#8222;U narednom periodu oformi\u0107emo tim Vlade FBiH koji \u0107e obi\u0107i institucije koje su u nadle\u017enosti FBiH, a tra\u017eiti i od kantonalnih vlasti da isto urade za institucije iz svoje nadle\u017enosti, kada se ne\u0161to ovako desi da ne bi davali pau\u0161alne informacije. Evo ve\u010deras smo \u010duli dosta informacija od \u0161ti\u0107enika. U svakom slu\u010daju trebamo sa\u010dekati \u0161ta je ta\u010dno izazvalo tragediju&#8220;, kazao je premijer.<\/p>\n\n\n\n<figure class=\"wp-block-embed is-type-rich is-provider-twitter wp-block-embed-twitter\"><div class=\"wp-block-embed__wrapper\">\n<blockquote class=\"twitter-tweet\" data-width=\"550\" data-dnt=\"true\"><p lang=\"und\" dir=\"ltr\">Tuzla ve\u010deras ne pla\u010de sama. Tugujemo za generacijom koja je zaslu\u017eila mir, a do\u010dekala plamen. U ve\u010dernjim satima izbio je po\u017ear u Domu penzionera u Tuzli. Zvani\u010dno je potvr\u0111eno da je do sada devet osoba smrtno stradalo. Ovo nije samo tragedija. Ovo je pitanje savjesti. Da li su\u2026 <a href=\"https:\/\/t.co\/y3sIZ3ntJA\">pic.twitter.com\/y3sIZ3ntJA<\/a><\/p>&mdash; Emin Grada\u0161\u010devi\u0107 (@GradascevicEmin) <a href=\"https:\/\/twitter.com\/GradascevicEmin\/status\/1985839254262727136?ref_src=twsrc%5Etfw\" target=\"_blank\" rel=\"noopener\">November 4, 2025<\/a><\/blockquote><script async src=\"https:\/\/platform.twitter.com\/widgets.js\" charset=\"utf-8\"><\/script>\n<\/div><\/figure>","protected":false},"excerpt":{"rendered":"<p>Jedanaest osoba je poginulo, a 35 povrije\u0111eno u po\u017earu koji je sino\u0107 izbio na sedmom spratu Doma penzionera u Tuzli, podaci su vlasti Tuzlanskog kantona objavljeni jutros.<\/p>","protected":false},"author":1,"featured_media":588586,"comment_status":"open","ping_status":"open","sticky":false,"template":"","format":"standard","meta":{"_acf_changed":false,"footnotes":"","jetpack_publicize_message":"","jetpack_publicize_feature_enabled":true,"jetpack_social_post_already_shared":false,"jetpack_social_options":{"image_generator_settings":{"template":"highway","default_image_id":0,"font":"","enabled":false},"version":2}},"categories":[13],"tags":[819,618,11459],"naslovna":[],"class_list":["post-864860","post","type-post","status-publish","format-standard","has-post-thumbnail","hentry","category-region","tag-bih","tag-pozar","tag-tuzla"],"acf":[],"jetpack_publicize_connections":[],"_links":{"self":[{"href":"https:\/\/gradski.me\/en\/wp-json\/wp\/v2\/posts\/864860","targetHints":{"allow":["GET"]}}],"collection":[{"href":"https:\/\/gradski.me\/en\/wp-json\/wp\/v2\/posts"}],"about":[{"href":"https:\/\/gradski.me\/en\/wp-json\/wp\/v2\/types\/post"}],"author":[{"embeddable":true,"href":"https:\/\/gradski.me\/en\/wp-json\/wp\/v2\/users\/1"}],"replies":[{"embeddable":true,"href":"https:\/\/gradski.me\/en\/wp-json\/wp\/v2\/comments?post=864860"}],"version-history":[{"count":0,"href":"https:\/\/gradski.me\/en\/wp-json\/wp\/v2\/posts\/864860\/revisions"}],"wp:featuredmedia":[{"embeddable":true,"href":"https:\/\/gradski.me\/en\/wp-json\/wp\/v2\/media\/588586"}],"wp:attachment":[{"href":"https:\/\/gradski.me\/en\/wp-json\/wp\/v2\/media?parent=864860"}],"wp:term":[{"taxonomy":"category","embeddable":true,"href":"https:\/\/gradski.me\/en\/wp-json\/wp\/v2\/categories?post=864860"},{"taxonomy":"post_tag","embeddable":true,"href":"https:\/\/gradski.me\/en\/wp-json\/wp\/v2\/tags?post=864860"},{"taxonomy":"naslovna","embeddable":true,"href":"https:\/\/gradski.me\/en\/wp-json\/wp\/v2\/naslovna?post=864860"}],"curies":[{"name":"wp","href":"https:\/\/api.w.org\/{rel}","templated":true}]}}