{"id":863736,"date":"2025-11-03T16:59:22","date_gmt":"2025-11-03T15:59:22","guid":{"rendered":"https:\/\/gradski.me\/?p=863736"},"modified":"2025-11-03T16:59:22","modified_gmt":"2025-11-03T15:59:22","slug":"trudna-podgoricanka-pustena-na-slobodu","status":"publish","type":"post","link":"https:\/\/gradski.me\/en\/hronika\/trudna-podgoricanka-pustena-na-slobodu\/","title":{"rendered":"Trudna Podgori\u010danka pu\u0161tena na slobodu"},"content":{"rendered":"<p><\/p>\n\n\n\n<p><\/p>\n\n\n\n<p>Kako je potvrdio advokat&nbsp;<strong>Stefan Jovanovi\u0107<\/strong>, Ministarstvo pravde je usvojilo zahtjev kojim je tra\u017eio hitan prekid izdra\u017eavanja kazne za ovu Podgori\u010danku. Zahtjev je upu\u0107en po\u0161to su ljekari Klini\u010dkog centra Crne Gore utvrdili da je osu\u0111ena u sedmom mjesecu visokorizi\u010dne trudno\u0107e.<\/p>\n\n\n\n<p>&#8211; Ministarstvo pravde je usvojilo zahtjev i prekinulo izdr\u017eavanje kazne zatvora. Reagovali su promptno imaju\u0107i u vidu kad je zahtjev podnijet i njegove razloge. Donijeli su odluku koja je zakonita u cjelosti i koja je na prvom mjestu humana &#8211;&nbsp;kazao je Jovanovi\u0107 za &#8222;Dan&#8220;.<\/p>\n\n\n\n<p>Podgori\u010danka je upu\u0107ena u zatvor zbog nepo\u0161tovanja odluke suda kojom joj je jo\u0161 u maju nare\u0111eno da petogodi\u0161nju k\u0107erku mora da predaje ocu svake druge sedmice utorkom i \u010detvrtkom od 16 do 19 sati, kao i svake druge sedmice utorkom, tako\u0111e od 16 do 19 sati, a te sedmice i vikendom \u2013 od petka do nedjelje ve\u010de.<\/p>\n\n\n\n<p><a href=\"https:\/\/dan.co.me\/vijesti\/hronika\/ljekari-utvrdili-da-je-podgoricanka-u-sedmom-mjesecu-visokorizicne-trudnoce-traze-hitan-prekid-zatvorske-kazne-5322065\" target=\"_blank\" rel=\"noopener\"><\/a><\/p>\n\n\n\n<p><a href=\"https:\/\/dan.co.me\/vijesti\/hronika\/ljekari-utvrdili-da-je-podgoricanka-u-sedmom-mjesecu-visokorizicne-trudnoce-traze-hitan-prekid-zatvorske-kazne-5322065\" target=\"_blank\" rel=\"noopener\"><\/a>Ona to ne \u010dini, zahtijevaju\u0107i da se djevoj\u010dica sa ocem sastaje pod nadzorom, jer je on, kako tvrdi, tu\u010de. Zbog toga je protiv njega podnijela i krivi\u010dnu prijavu koju je tu\u017eila\u0161tvo odbacilo.<\/p>","protected":false},"excerpt":{"rendered":"<p>Mlada trudnica koja je nedavno upu\u0107ena u spu\u0161ki zatvor za izdr\u017eavanje 15-dnevne kazne, pu\u0161tena je na slobodu.<\/p>","protected":false},"author":1,"featured_media":626168,"comment_status":"open","ping_status":"open","sticky":false,"template":"","format":"standard","meta":{"_acf_changed":false,"footnotes":"","jetpack_publicize_message":"","jetpack_publicize_feature_enabled":true,"jetpack_social_post_already_shared":false,"jetpack_social_options":{"image_generator_settings":{"template":"highway","default_image_id":0,"font":"","enabled":false},"version":2}},"categories":[10],"tags":[10469,873],"naslovna":[],"class_list":["post-863736","post","type-post","status-publish","format-standard","has-post-thumbnail","hentry","category-hronika","tag-podgoricanka","tag-ziks"],"acf":[],"jetpack_publicize_connections":[],"_links":{"self":[{"href":"https:\/\/gradski.me\/en\/wp-json\/wp\/v2\/posts\/863736","targetHints":{"allow":["GET"]}}],"collection":[{"href":"https:\/\/gradski.me\/en\/wp-json\/wp\/v2\/posts"}],"about":[{"href":"https:\/\/gradski.me\/en\/wp-json\/wp\/v2\/types\/post"}],"author":[{"embeddable":true,"href":"https:\/\/gradski.me\/en\/wp-json\/wp\/v2\/users\/1"}],"replies":[{"embeddable":true,"href":"https:\/\/gradski.me\/en\/wp-json\/wp\/v2\/comments?post=863736"}],"version-history":[{"count":0,"href":"https:\/\/gradski.me\/en\/wp-json\/wp\/v2\/posts\/863736\/revisions"}],"wp:featuredmedia":[{"embeddable":true,"href":"https:\/\/gradski.me\/en\/wp-json\/wp\/v2\/media\/626168"}],"wp:attachment":[{"href":"https:\/\/gradski.me\/en\/wp-json\/wp\/v2\/media?parent=863736"}],"wp:term":[{"taxonomy":"category","embeddable":true,"href":"https:\/\/gradski.me\/en\/wp-json\/wp\/v2\/categories?post=863736"},{"taxonomy":"post_tag","embeddable":true,"href":"https:\/\/gradski.me\/en\/wp-json\/wp\/v2\/tags?post=863736"},{"taxonomy":"naslovna","embeddable":true,"href":"https:\/\/gradski.me\/en\/wp-json\/wp\/v2\/naslovna?post=863736"}],"curies":[{"name":"wp","href":"https:\/\/api.w.org\/{rel}","templated":true}]}}