{"id":863501,"date":"2025-11-03T12:24:00","date_gmt":"2025-11-03T11:24:00","guid":{"rendered":"https:\/\/gradski.me\/?p=863501"},"modified":"2025-11-03T12:24:00","modified_gmt":"2025-11-03T11:24:00","slug":"dps-niksic-ocekujemo-da-ce-sudije-za-razliku-od-tuzilaca-odoljeti-pritiscima-u-slucaju-marka-kovacevica","status":"publish","type":"post","link":"https:\/\/gradski.me\/en\/politika\/dps-niksic-ocekujemo-da-ce-sudije-za-razliku-od-tuzilaca-odoljeti-pritiscima-u-slucaju-marka-kovacevica\/","title":{"rendered":"DPS Nik\u0161i\u0107: O\u010dekujemo da \u0107e sudije za razliku od tu\u017eilaca odoljeti pritiscima u slu\u010daju Marka Kova\u010devi\u0107a"},"content":{"rendered":"<p><\/p>\n\n\n\n<p>Pitamo se ho\u0107e li i ovog puta, i od iscenirane prekr\u0161ajne odgovornosti, Marko Kova\u010devi\u0107 se spasiti na na\u010din \u0161to \u0107e zaposliti, ili je ve\u0107 zaposlio, supru\u017enika postupaju\u0107eg sudije, kazali su iz DPS Nik\u0161i\u0107.<\/p>\n\n\n\n<p>&#8220;Podsje\u0107anja radi, od krivi\u010dne odgovornosti ranije zbog pokazivanja srednjeg prsta tokom intoniranja himne Crne Gore, Kova\u010devi\u0107 se sa\u010duvao tako \u0161to je zaposlio suprugu tu\u017eioca \u0110orojevi\u0107a u lokalnoj upravi&#8220;, ocjenjuju iz DPS Nik\u0161i\u0107.<\/p>\n\n\n\n<p>Uprkos apelima da preispita postupanje \u0110orojevi\u0107a u konkretnom predmetu, NVO tu\u017eilac, VDT Milorad Markovi\u0107 se nije pretrgao da provjeri mogu\u0107nost te vrste uticaja koji se mogao negativno odraziti na nepristrasnost i objektivnost postupaju\u0107eg tu\u017eioca, a sve iz razloga \u0161to je politi\u010dki interes vlasti bio da Kova\u010devi\u0107 bude oslobo\u0111en krivi\u010dnog gonjenja, smatraju u DPS Nik\u0161i\u0107.<\/p>\n\n\n\n<p>&#8220;Sad kad je drugi predmet, u kojem je trebalo utvr\u0111ivati krivi\u010dnu odgovornost prvog \u010dovjeka Op\u0161tine Nik\u0161i\u0107, zbog pristrasnosti tu\u017eila\u0161tva zavr\u0161io u rukama sudije za prekr\u0161aje, pozivamo Sudski savjet da preispita mogu\u0107nost Kova\u010devi\u0107evog uticaja na postupaju\u0107eg sudiju, a sve zarad stvaranja uslova u kojima \u0107e pred zakonima ove dr\u017eave Kova\u010devi\u0107 biti jednak kao i svaki drugi gra\u0111anin, odnosno zarad obezbje\u0111ivanja vladavine prava u pravom smislu te rije\u010di&#8220;, zaklju\u010duju iz DPS Nik\u0161i\u0107.<\/p>","protected":false},"excerpt":{"rendered":"<p>U dr\u017eavi u kojoj se tu\u017eila\u0161tvo profilisalo kao politi\u010dki bi\u010d u rukama aktuelne vlasti za obra\u010dun sa neistomi\u0161ljenicima, ne iznena\u0111uje \u0161to je isto nedavno odbacilo krivi\u010dnu prijavu protiv Marka Kova\u010devi\u0107a. Time je selektivno i pristrasno tu\u017eila\u0161tvo poku\u0161alo da negira istinu da je tokom obra\u0107anja na Grahovcu, u kojem je zaprijetio da \u0107e s onima koji razmi\u0161ljaju druga\u010dije postupati kao s Turcima, Kova\u010devi\u0107 koristio govor mr\u017enje i predmet proslijedilo Sudu za prekr\u0161aje, saop\u0161tili su iz DPS Nik\u0161i\u0107.<\/p>","protected":false},"author":1,"featured_media":697420,"comment_status":"open","ping_status":"open","sticky":false,"template":"","format":"standard","meta":{"_acf_changed":false,"footnotes":"","jetpack_publicize_message":"","jetpack_publicize_feature_enabled":true,"jetpack_social_post_already_shared":false,"jetpack_social_options":{"image_generator_settings":{"template":"highway","default_image_id":0,"font":"","enabled":false},"version":2}},"categories":[7],"tags":[5652,6374,11232,4518,4519],"naslovna":[],"class_list":["post-863501","post","type-post","status-publish","format-standard","has-post-thumbnail","hentry","category-politika","tag-dps-niksic-2","tag-pritisci","tag-slucaj-marka-kovacevica","tag-sudije","tag-tuzioci"],"acf":[],"jetpack_publicize_connections":[],"_links":{"self":[{"href":"https:\/\/gradski.me\/en\/wp-json\/wp\/v2\/posts\/863501","targetHints":{"allow":["GET"]}}],"collection":[{"href":"https:\/\/gradski.me\/en\/wp-json\/wp\/v2\/posts"}],"about":[{"href":"https:\/\/gradski.me\/en\/wp-json\/wp\/v2\/types\/post"}],"author":[{"embeddable":true,"href":"https:\/\/gradski.me\/en\/wp-json\/wp\/v2\/users\/1"}],"replies":[{"embeddable":true,"href":"https:\/\/gradski.me\/en\/wp-json\/wp\/v2\/comments?post=863501"}],"version-history":[{"count":0,"href":"https:\/\/gradski.me\/en\/wp-json\/wp\/v2\/posts\/863501\/revisions"}],"wp:featuredmedia":[{"embeddable":true,"href":"https:\/\/gradski.me\/en\/wp-json\/wp\/v2\/media\/697420"}],"wp:attachment":[{"href":"https:\/\/gradski.me\/en\/wp-json\/wp\/v2\/media?parent=863501"}],"wp:term":[{"taxonomy":"category","embeddable":true,"href":"https:\/\/gradski.me\/en\/wp-json\/wp\/v2\/categories?post=863501"},{"taxonomy":"post_tag","embeddable":true,"href":"https:\/\/gradski.me\/en\/wp-json\/wp\/v2\/tags?post=863501"},{"taxonomy":"naslovna","embeddable":true,"href":"https:\/\/gradski.me\/en\/wp-json\/wp\/v2\/naslovna?post=863501"}],"curies":[{"name":"wp","href":"https:\/\/api.w.org\/{rel}","templated":true}]}}