{"id":863323,"date":"2025-11-03T11:02:00","date_gmt":"2025-11-03T10:02:00","guid":{"rendered":"https:\/\/gradski.me\/?p=863323"},"modified":"2025-11-03T11:02:00","modified_gmt":"2025-11-03T10:02:00","slug":"odrzana-javna-debata-o-buducnosti-buljarice","status":"publish","type":"post","link":"https:\/\/gradski.me\/en\/drustvo\/odrzana-javna-debata-o-buducnosti-buljarice\/","title":{"rendered":"Odr\u017eana javna debata o budu\u0107nosti\u00a0Buljarice"},"content":{"rendered":"<p><\/p>\n\n\n\n<p><\/p>\n\n\n\n<p>Na panelu su govorili <strong>Dragoljub Markovi\u0107<\/strong>, prostorni planer, <strong>prof. dr Rade Ratkovi\u0107<\/strong>, turizmolog, <strong>Mi\u0161o Zaradi\u0107<\/strong>, mje\u0161tanin i vlasnik kampa <em>Maslina<\/em> u Buljarici, i <strong>Milos Vukovic<\/strong> iz kompanije <em>Fidelity Consulting<\/em>. Doga\u0111aju je prisustvovalo vi\u0161e od <strong>60 u\u010desnika<\/strong>, dok su mnogi mje\u0161tani koji nijesu mogli da do\u0111u izrazili interesovanje da pogledaju snimak debate.<\/p>\n\n\n\n<p>Uprkos brojnim pozivima, urgencijama i podsje\u0107anjima, <strong>niko iz Op\u0161tine Budva nije prisustvovao<\/strong> doga\u0111aju. Poziv je bio upu\u0107en <strong>Petru Od\u017ei\u0107u<\/strong>, predsjedniku Skup\u0161tine op\u0161tine Budva, vlasniku zemlji\u0161ta u Buljarici i jednom od pokreta\u010da trenutnih sastanaka o njenoj budu\u0107nosti, kao i predsjedniku Op\u0161tine, glavnom gradskom arhitekti i drugim relevantnim predstavnicima lokalne samouprave. Nakon duge ti\u0161ine, organizatori su dobili samo kratak mejl da gospodin Od\u017ei\u0107 ne mo\u017ee prisustvovati, dok na molbe da se delegira drugi predstavnik nije stigao nikakav odgovor. Njihovo odsustvo, kako je nagla\u0161eno u uvodnom govoru, \u201eglasno govori o nezainteresovanosti za Buljaricu i njene mje\u0161tane ili o nespremnosti da se o njenoj budu\u0107nosti razgovara transparentno i javno\u201c.<\/p>\n\n\n\n<p>Panelisti su istakli da <strong>Buljarica vi\u0161e od deset godina nema va\u017ee\u0107e planske dokumente<\/strong>.<br>Podsjetili su da su za ovo podru\u010dje ranije izra\u0111ena <strong>kvalitetna razvojna rje\u0161enja<\/strong>, nastala saradnjom stru\u010dnjaka iz Crne Gore i Njema\u010dke pod okriljem Evropske razvojne agencije, ali da su ta dokumenta ostala u fiokama, nikada uklju\u010dena u proces prostornog planiranja.<br>Istaknuta je i <strong>opasnost novog Zakona o strate\u0161kim investicijama<\/strong>, koji bi, ukoliko bude usvojen, isklju\u010dio javnost iz odlu\u010divanja i omogu\u0107io ubrzanu prodaju i betonizaciju najvrijednijih podru\u010dja Crne Gore.<\/p>\n\n\n\n<p>U\u010desnici su ukazali da Op\u0161tina Budva i dr\u017eava, bez obzira na trenutne partijske strukture, reaguju samo kada se pojave <strong>megalomanski projekti i sumnjivi investitori<\/strong>, dok \u0107ute kada mje\u0161tani tra\u017ee ulaganje u osnovnu infrastrukturu \u2013 puteve, odvodnju i uslove za razvoj malih biznisa.<br>S jedne strane, vlast mje\u0161tanima nudi samo dvije opcije \u2013 da prodaju zemlji\u0161te ili da im bude oduzeto kroz eksproprijaciju; a s druge strane, brojni mje\u0161tani, uprkos svemu, ve\u0107 generacijama uspje\u0161no vode <strong>porodi\u010dne biznise zasnovane na prirodi i tradiciji Buljarice<\/strong>, pokazuju\u0107i da odr\u017eiv, lokalno vo\u0111en razvoj nije samo mogu\u0107, ve\u0107 i dugoro\u010dno isplativ.<\/p>\n\n\n\n<p>Doga\u0111aj je imao i <strong>konkretan rezultat<\/strong>: ve\u0107 dan nakon debate, vi\u0161e od <strong>60 predstavnika lokalne zajednice svih generacija<\/strong> okupilo se na inicijativu samih mje\u0161tana kako bi zapo\u010deli proces formulisanja <strong>sopstvene vizije razvoja Buljarice<\/strong>, u skladu s principima odr\u017eivosti i za\u0161tite prirodnih i kulturnih vrijednosti \u2013 i poslali jasnu poruku da <strong>Buljarica nije na prodaju<\/strong>.<\/p>\n\n\n\n<p>Iz Crnogorskog dru\u0161tva ekologa poru\u010duju: \u201eNastavi\u0107emo da budemo podr\u0161ka mje\u0161tanima da zajedno sa\u010duvamo ovo predivno podru\u010dje i doka\u017eemo da razvoj mo\u017ee i treba biti u slu\u017ebi ljudi i prirode.\u201c<\/p>","protected":false},"excerpt":{"rendered":"<p>U Crvenoj komuni u Petrovcu odr\u017eana je javna panel-diskusija \u201eBudu\u0107nost Buljarice\u201c, koju je organizovalo Crnogorsko dru\u0161tvo ekologa s ciljem otvaranja javnog dijaloga o razvoju i za\u0161titi ovog izuzetno vrijednog podru\u010dja crnogorskog primorja.<\/p>","protected":false},"author":1,"featured_media":863324,"comment_status":"open","ping_status":"open","sticky":false,"template":"","format":"standard","meta":{"_acf_changed":false,"footnotes":"","jetpack_publicize_message":"","jetpack_publicize_feature_enabled":true,"jetpack_social_post_already_shared":false,"jetpack_social_options":{"image_generator_settings":{"template":"highway","default_image_id":0,"font":"","enabled":false},"version":2}},"categories":[9],"tags":[368,11210],"naslovna":[],"class_list":["post-863323","post","type-post","status-publish","format-standard","has-post-thumbnail","hentry","category-drustvo","tag-buljarica","tag-javna-debata"],"acf":[],"jetpack_publicize_connections":[],"_links":{"self":[{"href":"https:\/\/gradski.me\/en\/wp-json\/wp\/v2\/posts\/863323","targetHints":{"allow":["GET"]}}],"collection":[{"href":"https:\/\/gradski.me\/en\/wp-json\/wp\/v2\/posts"}],"about":[{"href":"https:\/\/gradski.me\/en\/wp-json\/wp\/v2\/types\/post"}],"author":[{"embeddable":true,"href":"https:\/\/gradski.me\/en\/wp-json\/wp\/v2\/users\/1"}],"replies":[{"embeddable":true,"href":"https:\/\/gradski.me\/en\/wp-json\/wp\/v2\/comments?post=863323"}],"version-history":[{"count":0,"href":"https:\/\/gradski.me\/en\/wp-json\/wp\/v2\/posts\/863323\/revisions"}],"wp:featuredmedia":[{"embeddable":true,"href":"https:\/\/gradski.me\/en\/wp-json\/wp\/v2\/media\/863324"}],"wp:attachment":[{"href":"https:\/\/gradski.me\/en\/wp-json\/wp\/v2\/media?parent=863323"}],"wp:term":[{"taxonomy":"category","embeddable":true,"href":"https:\/\/gradski.me\/en\/wp-json\/wp\/v2\/categories?post=863323"},{"taxonomy":"post_tag","embeddable":true,"href":"https:\/\/gradski.me\/en\/wp-json\/wp\/v2\/tags?post=863323"},{"taxonomy":"naslovna","embeddable":true,"href":"https:\/\/gradski.me\/en\/wp-json\/wp\/v2\/naslovna?post=863323"}],"curies":[{"name":"wp","href":"https:\/\/api.w.org\/{rel}","templated":true}]}}