{"id":862995,"date":"2025-11-02T14:05:07","date_gmt":"2025-11-02T13:05:07","guid":{"rendered":"https:\/\/gradski.me\/?p=862995"},"modified":"2025-11-02T14:05:07","modified_gmt":"2025-11-02T13:05:07","slug":"uhapsene-dvije-osobe-zbog-sumnje-da-su-tesko-povrijedile-jednog-muskarca","status":"publish","type":"post","link":"https:\/\/gradski.me\/en\/hronika\/uhapsene-dvije-osobe-zbog-sumnje-da-su-tesko-povrijedile-jednog-muskarca\/","title":{"rendered":"Uhap\u0161ene dvije osobe zbog sumnje da su te\u0161ko povrijedile jednog mu\u0161karca"},"content":{"rendered":"<p><\/p>\n\n\n\n<p>Kako navode iz Uprave policije, De\u017eurna slu\u017eba Odjeljenja bezbjednosti Pljevlja je, naime, obavije\u0161tena od strane osoblja Op\u0161te bolnice Pljevlja da je kod njih primljen mu\u0161karac, star 21 godinu, sa povredama u predjelu glave, za koje je on izjavio da ih je zadobio padom niz stepenice.<\/p>\n\n\n\n<p>&#8222;Preduzimaju\u0107i mjere i radnje na utvr\u0111ivanju \u010dinjeni\u010dnog stanja, policijski slu\u017ebenici do\u0161li su do sumnje da je ovo lice povrede zadobilo u tu\u010di koja se dogodila u jednom ugostiteljskom objektu u Pljevljima, te da su mu povrede zadala dva lica, P.G (20) i operativno interesantno lice D.M. (20) iz Pljevalja, nakon \u010dega su policijski slu\u017ebenici locirali i li\u0161ili slobode ova dva lica&#8220;, dodaju.<\/p>\n\n\n\n<p>Dalje navode da se sumnja se da su ova dva lica, oba povratnici u izvr\u0161enju krivi\u010dnih djela, te\u0161ko tjelesno povrijedila o\u0161te\u0107eno lice na na\u010din \u0161to su mu zadala vi\u0161e udaraca u predjelu glave, te da su nastavila da ga udaraju u predjelu glave i tijela i kad je pao na tle.<\/p>\n\n\n\n<p>O doga\u0111aju je obavije\u0161ten dr\u017eavni tu\u017eilac u Osnovnom dr\u017eavnom tu\u017eila\u0161tvu u Pljevljima. O\u0161te\u0107enom je pru\u017eena ljekarska pomo\u0107 i on nije \u017eivotno ugro\u017een.<\/p>\n\n\n\n<p>&#8222;Osumnji\u010den P.G. i D.M. su, uz krivi\u010dnu prijavu, privedeni dr\u017eavnom tu\u017eiocu u Osnovnom dr\u017eavnom tu\u017eila\u0161tvu u Pljevljima, zbog sumnje da su po\u010dinili krivi\u010dna djela nasilni\u010dko pona\u0161anje i te\u0161ka tjelesna povreda. Nadle\u017eni tu\u017eilac im je odredio zadr\u017eavanje do 72 sata, a potom su privedeni sudiji Osnovnog suda u Pljevljima koji im je odredio pritvor u trajanju do 30 dana&#8220;, zaklju\u010duju.<\/p>","protected":false},"excerpt":{"rendered":"<p>Slu\u017ebenici Regionalnog centra bezbjednosti \u201eZapad\u201c \u2013 Odjeljenja bezbjednosti Pljevlja identifikovali su, locirali i uhapsili dva lica, od kojih je jedno operativno \u2013 interesantno, zbog sumnje da su fizi\u010dki napali i te\u0161ko povrijedili jedno mu\u0161ko lice, saop\u0161teno je iz Uprave policije.<\/p>","protected":false},"author":1,"featured_media":818533,"comment_status":"open","ping_status":"open","sticky":false,"template":"","format":"standard","meta":{"_acf_changed":false,"footnotes":"","jetpack_publicize_message":"","jetpack_publicize_feature_enabled":true,"jetpack_social_post_already_shared":false,"jetpack_social_options":{"image_generator_settings":{"template":"highway","default_image_id":0,"font":"","enabled":false},"version":2}},"categories":[10],"tags":[2346,109],"naslovna":[],"class_list":["post-862995","post","type-post","status-publish","format-standard","has-post-thumbnail","hentry","category-hronika","tag-pljevlja","tag-uprava-policije"],"acf":[],"jetpack_publicize_connections":[],"_links":{"self":[{"href":"https:\/\/gradski.me\/en\/wp-json\/wp\/v2\/posts\/862995","targetHints":{"allow":["GET"]}}],"collection":[{"href":"https:\/\/gradski.me\/en\/wp-json\/wp\/v2\/posts"}],"about":[{"href":"https:\/\/gradski.me\/en\/wp-json\/wp\/v2\/types\/post"}],"author":[{"embeddable":true,"href":"https:\/\/gradski.me\/en\/wp-json\/wp\/v2\/users\/1"}],"replies":[{"embeddable":true,"href":"https:\/\/gradski.me\/en\/wp-json\/wp\/v2\/comments?post=862995"}],"version-history":[{"count":0,"href":"https:\/\/gradski.me\/en\/wp-json\/wp\/v2\/posts\/862995\/revisions"}],"wp:featuredmedia":[{"embeddable":true,"href":"https:\/\/gradski.me\/en\/wp-json\/wp\/v2\/media\/818533"}],"wp:attachment":[{"href":"https:\/\/gradski.me\/en\/wp-json\/wp\/v2\/media?parent=862995"}],"wp:term":[{"taxonomy":"category","embeddable":true,"href":"https:\/\/gradski.me\/en\/wp-json\/wp\/v2\/categories?post=862995"},{"taxonomy":"post_tag","embeddable":true,"href":"https:\/\/gradski.me\/en\/wp-json\/wp\/v2\/tags?post=862995"},{"taxonomy":"naslovna","embeddable":true,"href":"https:\/\/gradski.me\/en\/wp-json\/wp\/v2\/naslovna?post=862995"}],"curies":[{"name":"wp","href":"https:\/\/api.w.org\/{rel}","templated":true}]}}