{"id":862961,"date":"2025-11-02T14:37:00","date_gmt":"2025-11-02T13:37:00","guid":{"rendered":"https:\/\/gradski.me\/?p=862961"},"modified":"2025-11-02T14:37:00","modified_gmt":"2025-11-02T13:37:00","slug":"vucic-izaci-cu-u-susret-blokaderima-tako-sto-ce-izbori-biti-prije-roka","status":"publish","type":"post","link":"https:\/\/gradski.me\/en\/region\/vucic-izaci-cu-u-susret-blokaderima-tako-sto-ce-izbori-biti-prije-roka\/","title":{"rendered":"Vu\u010di\u0107: Iza\u0107i \u0107u u susret blokaderima tako \u0161to \u0107e izbori biti prije roka"},"content":{"rendered":"<p><\/p>\n\n\n\n<p>&#8222;Moje izvinjenje je bilo iskreno, ne da bih se nekome dodvoravao, ne zato \u0161to, kako neki misli, da sam se pla\u0161io, ve\u0107 u \u017eelji da promjenim atmosferu u dru\u0161tvu&#8220; &#8211; rekao je<strong> Vu\u010di\u0107<\/strong> prilikom obilaska gradili\u0161ta Nacionalnog stadiona u okrivu EKSPO projekta.<\/p>\n\n\n\n<p>On je rekao da je na \u201eiracionalne uvrede nekad reagovao emotivno&#8220;, ali da umije to da prizna, za razliku od politi\u010dkih protivnika.<\/p>\n\n\n\n<p>&#8222;Moja ruka je pru\u017eena onima koji druga\u010dije misle &#8211;\u00a0\u00a0poru\u010dio je Vu\u010di\u0107, navode\u0107i da ima svoje ideje ali da je predsjednik svih gra\u0111ana&#8220;,\u00a0prenosi Nova.rs.<\/p>\n\n\n\n<p>On je rekao i da \u0107e iza\u0107i u susret blokaderima tako da \u0107e parlamentarni izbori biti prije roka, o \u010demu \u0107e odlu\u010diti \u201enadle\u017ene institucije&#8220;.<\/p>\n\n\n\n<p>Govore\u0107i o ju\u010dera\u0161njem obilje\u017eavanju godi\u0161njice tragedije, u kojoj je 16 ljudi poginulo u padu nadstre\u0161nice na novosadskoj \u017eeljezni\u010dkoj stanici, rekao je da je u Novom Sadu u piku bilo oko 40.000 ljudi, tako\u0111e da je obilje\u017eena u Hramu Svetog Save U Beogradu i da je sre\u0107an da je pro\u0161lo \u201emirno i dostojanstveno&#8220;.<\/p>\n\n\n\n<p><\/p>","protected":false},"excerpt":{"rendered":"<p>Predsjednik Srbije Aleksandar Vu\u010di\u0107 izjavio je danas da su blokaderi odgovorili negativno na njegovo izvinjenje, za te\u0161ke rije\u010di koje je izgovarao o njima, jer je &#8222;takva mladost, u revolucinarom zanosu istr\u010de prije nego promisle&#8220;.<\/p>","protected":false},"author":1,"featured_media":733241,"comment_status":"open","ping_status":"open","sticky":false,"template":"","format":"standard","meta":{"_acf_changed":false,"footnotes":"","jetpack_publicize_message":"","jetpack_publicize_feature_enabled":true,"jetpack_social_post_already_shared":false,"jetpack_social_options":{"image_generator_settings":{"template":"highway","default_image_id":0,"font":"","enabled":false},"version":2}},"categories":[13],"tags":[532,533,3063],"naslovna":[],"class_list":["post-862961","post","type-post","status-publish","format-standard","has-post-thumbnail","hentry","category-region","tag-aleksandar-vucic","tag-srbija","tag-studenti"],"acf":[],"jetpack_publicize_connections":[],"_links":{"self":[{"href":"https:\/\/gradski.me\/en\/wp-json\/wp\/v2\/posts\/862961","targetHints":{"allow":["GET"]}}],"collection":[{"href":"https:\/\/gradski.me\/en\/wp-json\/wp\/v2\/posts"}],"about":[{"href":"https:\/\/gradski.me\/en\/wp-json\/wp\/v2\/types\/post"}],"author":[{"embeddable":true,"href":"https:\/\/gradski.me\/en\/wp-json\/wp\/v2\/users\/1"}],"replies":[{"embeddable":true,"href":"https:\/\/gradski.me\/en\/wp-json\/wp\/v2\/comments?post=862961"}],"version-history":[{"count":0,"href":"https:\/\/gradski.me\/en\/wp-json\/wp\/v2\/posts\/862961\/revisions"}],"wp:featuredmedia":[{"embeddable":true,"href":"https:\/\/gradski.me\/en\/wp-json\/wp\/v2\/media\/733241"}],"wp:attachment":[{"href":"https:\/\/gradski.me\/en\/wp-json\/wp\/v2\/media?parent=862961"}],"wp:term":[{"taxonomy":"category","embeddable":true,"href":"https:\/\/gradski.me\/en\/wp-json\/wp\/v2\/categories?post=862961"},{"taxonomy":"post_tag","embeddable":true,"href":"https:\/\/gradski.me\/en\/wp-json\/wp\/v2\/tags?post=862961"},{"taxonomy":"naslovna","embeddable":true,"href":"https:\/\/gradski.me\/en\/wp-json\/wp\/v2\/naslovna?post=862961"}],"curies":[{"name":"wp","href":"https:\/\/api.w.org\/{rel}","templated":true}]}}