{"id":862776,"date":"2025-11-02T07:29:00","date_gmt":"2025-11-02T06:29:00","guid":{"rendered":"https:\/\/gradski.me\/?p=862776"},"modified":"2025-11-02T07:29:00","modified_gmt":"2025-11-02T06:29:00","slug":"dobro-jutro-podgorice-sta-se-zapravo-desava-u-zenskom-tijelu-tokom-menopauze-2","status":"publish","type":"post","link":"https:\/\/gradski.me\/en\/podgorica\/dobro-jutro-podgorice-sta-se-zapravo-desava-u-zenskom-tijelu-tokom-menopauze-2\/","title":{"rendered":"&#8222;Dobro jutro, Podgorice&#8220;: \u0160ta se zapravo de\u0161ava u \u017eenskom tijelu tokom menopauze?"},"content":{"rendered":"<p>Savez organizacija gluvih i nagluvih Crne Gore uspje\u0161no je realizovao Program osnovne obuke iz znakovnog jezika, tokom kojeg su u\u010desnici savladali osnove, Sa nama u studiju bi\u0107e polaznice koje su zavr\u0161ile obuku, Milica Orlandi\u0107 i Tanja \u017divkovi\u0107,&nbsp; podijeli\u0107e svoje iskustvo, izazove i motive zbog kojih su se odlu\u010dile da u\u010de znakovni jezik. Sa terminima novih obuka upozna\u0107e nas predstavnica Saveza Tijana Miju\u0161kovi\u0107.<\/p>\n\n\n\n<p>Dru\u017ei\u0107emo se i sa \u010dlanovima rok benda \u201c\u0160ar\u0111un\u201d. Objavili su svoj prvi singl \u201cRoads\u201d,koji je ve\u010d privukao veliku pa\u017enju. Kako je nastala pjesma, \u0111ta ih inspiri\u0161e I kakve planove imaju z adalje kaza\u0107e nam &nbsp;<strong>:&nbsp;<\/strong>Filip Trojanovi\u0107&nbsp;, Ivan Jokanovi\u0107, Vidak Ratko i Vladimir Nikoli\u0107.<\/p>\n\n\n\n<p>O pripremama za bodibilding takmi\u010denje, Malta Grand Prix&nbsp; i Mediterranean Championships, govori\u0107e nam Marijana Zec.<\/p>\n\n\n\n<p>Izdvajamo i pri\u010de koje su obilje\u017eile sedmicu za nama, servisne informacije od saobra\u0107aja i&nbsp; vremenske prognoze do kulturnih doga\u0111aja i korisnih savjeta.<\/p>\n\n\n\n<p>Vodimo vas&nbsp; u svijet&nbsp; zanimljivosti i de\u0161avanja sa svih meridijana. Donosimo vijesti, neobi\u010dne doga\u0111aje i&nbsp; inspirativne pri\u010de koje pokazuju koliko je svijet raznolik i pun iznena\u0111enja.<\/p>\n\n\n\n<p>We are preparing numerous gifts for our viewers.<\/p>\n\n\n\n<p>Watch \"Good Morning, Podgorica\" \u200b\u200bon weekends from 9:00!<\/p>","protected":false},"excerpt":{"rendered":"<p>U goste nam dolazi ginekolo\u0161kinja Ana Jovanovi\u0107, sa kojom razgovaramo o menopazi. \u0160ta se zapravo de\u0161ava u \u017eenskom tijelu tokom ovog \u017eivotnog perioda? Koji su naj\u010de\u0161\u0107i simptomi , kako ih ubla\u017eiti i kada je vrijeme da se javimo ljekaru? Govori\u0107emo i o hormonskoj terapiji, zdravim navikama, ali I o mitovima koji prate menopazu.<\/p>","protected":false},"author":1,"featured_media":578945,"comment_status":"open","ping_status":"open","sticky":false,"template":"","format":"standard","meta":{"_acf_changed":false,"footnotes":"","jetpack_publicize_message":"","jetpack_publicize_feature_enabled":true,"jetpack_social_post_already_shared":false,"jetpack_social_options":{"image_generator_settings":{"template":"highway","default_image_id":0,"font":"","enabled":false},"version":2}},"categories":[6],"tags":[8307,7186],"naslovna":[],"class_list":["post-862776","post","type-post","status-publish","format-standard","has-post-thumbnail","hentry","category-podgorica","tag-ana-sofranac","tag-dobro-jutro-podgorice-2"],"acf":[],"jetpack_publicize_connections":[],"_links":{"self":[{"href":"https:\/\/gradski.me\/en\/wp-json\/wp\/v2\/posts\/862776","targetHints":{"allow":["GET"]}}],"collection":[{"href":"https:\/\/gradski.me\/en\/wp-json\/wp\/v2\/posts"}],"about":[{"href":"https:\/\/gradski.me\/en\/wp-json\/wp\/v2\/types\/post"}],"author":[{"embeddable":true,"href":"https:\/\/gradski.me\/en\/wp-json\/wp\/v2\/users\/1"}],"replies":[{"embeddable":true,"href":"https:\/\/gradski.me\/en\/wp-json\/wp\/v2\/comments?post=862776"}],"version-history":[{"count":0,"href":"https:\/\/gradski.me\/en\/wp-json\/wp\/v2\/posts\/862776\/revisions"}],"wp:featuredmedia":[{"embeddable":true,"href":"https:\/\/gradski.me\/en\/wp-json\/wp\/v2\/media\/578945"}],"wp:attachment":[{"href":"https:\/\/gradski.me\/en\/wp-json\/wp\/v2\/media?parent=862776"}],"wp:term":[{"taxonomy":"category","embeddable":true,"href":"https:\/\/gradski.me\/en\/wp-json\/wp\/v2\/categories?post=862776"},{"taxonomy":"post_tag","embeddable":true,"href":"https:\/\/gradski.me\/en\/wp-json\/wp\/v2\/tags?post=862776"},{"taxonomy":"naslovna","embeddable":true,"href":"https:\/\/gradski.me\/en\/wp-json\/wp\/v2\/naslovna?post=862776"}],"curies":[{"name":"wp","href":"https:\/\/api.w.org\/{rel}","templated":true}]}}