{"id":862552,"date":"2025-11-01T15:42:00","date_gmt":"2025-11-01T14:42:00","guid":{"rendered":"https:\/\/gradski.me\/?p=862552"},"modified":"2025-11-01T15:42:00","modified_gmt":"2025-11-01T14:42:00","slug":"serikov-pred-mladost-agresivno-i-odgovorno","status":"publish","type":"post","link":"https:\/\/gradski.me\/en\/sport\/serikov-pred-mladost-agresivno-i-odgovorno\/","title":{"rendered":"Serikov pred Mladost: Agresivno i odgovorno"},"content":{"rendered":"<p>Budu\u0107nost sjutra, u 14. kolu doma\u0107eg \u0161ampionata, do\u010dekuje OFK Mladost \u2013 okr\u0161aj pod Goricom po\u010dinje u 15.00 sati, a prodaja ulaznica po cijeni od tri eura za utakmicu \u0107e po\u010deti dva sata ranije (od 13.00) na biletarnici na zapadnoj tribini Gradskog stadiona.<\/p>\n\n\n\n<p>\u201cPlavi\u201d su se u\u017eeljeli fudbala, a uprkos kadrovskim problemima imaju samo jedan cilj: upisati nova tri boda i nastaviti pobjeda, te niz nepora\u017eenosti\u2026<\/p>\n\n\n\n<p>\u201c<strong>Definitivno je da smo se u\u017eeljeli fudbala nakon \u0161to se utakmica sa De\u010di\u0107em odlagala dva puta. \u010cim smo saznali da nema me\u010da u srijedu odmah smo glavu namjestili na Mladost, jer upravo tako razmi\u0161ljamo \u2013 od utakmice do utakmice<\/strong>\u201d, rekao je ruski \u0161toper Ilija Serikov.<\/p>\n\n\n\n<p>Stru\u010dni \u0161tab Budu\u0107nosti je bio na ispitu iz dana u dan, jer je non-stop bio u pripremi utakmice, \u0161to definitivno nisu optimali uslovi za rad. Ali, cilj se zna, to je pobjeda: Budu\u0107nost je po dolasku Dejana Vuki\u0107evi\u0107a upisala tri pobjede i tri remija vezav\u0161i dvije pobjede (Sutjeska, Arsenal)\u2026<\/p>\n\n\n\n<p>\u201c<strong>Za pobjedu nam treba maksimalna koncentracija, kao i odgovornost u svim linijama tima i na svim djelovima terena. Vjerujem u na\u0161u snagu i \u017eelju i obe\u0107avam da \u0107emo uraditi sve da slavimo pred na\u0161im navija\u010dima<\/strong>\u201d, jasan je Serikov.<\/p>\n\n\n\n<p>Me\u0111utim, \u0161toper &#8222;plavih&#8220; je svjestan da \u0107e protivnik pod Goricom biti maksimalno motivisan, posebno jer je u prvom krugu sezone slavio na svom terenu\u2026<\/p>\n\n\n\n<p>\u201c<strong>Mladost je dobra ekipa, igra ofanzivan fudbal, a sigurno \u0107e protiv nas uraditi sve za dobar rezultat, jer Budu\u0107nost je sama po sebi izazov. Me\u0111utim, gledamo sebe, nalazimo se u dobrom ritmu i o\u010dekujem da nastavimo na\u0161 dobar niz. Naravno, ne\u0107e biti lako, svjesni smo toga svi, zato moramo da budemo agresivni kako bismo protivniku dokazali da su do\u0161li na na\u0161 stadion<\/strong>\u201d, poru\u010dio je Serikov.<\/p>","protected":false},"excerpt":{"rendered":"<p>Budu\u0107nost se vra\u0107a na fudbalsku mapu Crne Gore poslije desetak dana \u2013 nakon \u0161to je utakmica protiv De\u010di\u0107a dva puta odlagana voljom FSCG, pa kasnije voljom Uprave policije \u2013 i to utakmicom kod ku\u0107e.<\/p>","protected":false},"author":1,"featured_media":713375,"comment_status":"open","ping_status":"open","sticky":false,"template":"","format":"standard","meta":{"_acf_changed":false,"footnotes":"","jetpack_publicize_message":"","jetpack_publicize_feature_enabled":true,"jetpack_social_post_already_shared":false,"jetpack_social_options":{"image_generator_settings":{"template":"highway","default_image_id":0,"font":"","enabled":false},"version":2}},"categories":[15],"tags":[171,11047,4732,626],"naslovna":[],"class_list":["post-862552","post","type-post","status-publish","format-standard","has-post-thumbnail","hentry","category-sport","tag-fk-buducnost","tag-ilija-serikov","tag-meridanbet-1-cfl","tag-ofk-mladost-dg"],"acf":[],"jetpack_publicize_connections":[],"_links":{"self":[{"href":"https:\/\/gradski.me\/en\/wp-json\/wp\/v2\/posts\/862552","targetHints":{"allow":["GET"]}}],"collection":[{"href":"https:\/\/gradski.me\/en\/wp-json\/wp\/v2\/posts"}],"about":[{"href":"https:\/\/gradski.me\/en\/wp-json\/wp\/v2\/types\/post"}],"author":[{"embeddable":true,"href":"https:\/\/gradski.me\/en\/wp-json\/wp\/v2\/users\/1"}],"replies":[{"embeddable":true,"href":"https:\/\/gradski.me\/en\/wp-json\/wp\/v2\/comments?post=862552"}],"version-history":[{"count":0,"href":"https:\/\/gradski.me\/en\/wp-json\/wp\/v2\/posts\/862552\/revisions"}],"wp:featuredmedia":[{"embeddable":true,"href":"https:\/\/gradski.me\/en\/wp-json\/wp\/v2\/media\/713375"}],"wp:attachment":[{"href":"https:\/\/gradski.me\/en\/wp-json\/wp\/v2\/media?parent=862552"}],"wp:term":[{"taxonomy":"category","embeddable":true,"href":"https:\/\/gradski.me\/en\/wp-json\/wp\/v2\/categories?post=862552"},{"taxonomy":"post_tag","embeddable":true,"href":"https:\/\/gradski.me\/en\/wp-json\/wp\/v2\/tags?post=862552"},{"taxonomy":"naslovna","embeddable":true,"href":"https:\/\/gradski.me\/en\/wp-json\/wp\/v2\/naslovna?post=862552"}],"curies":[{"name":"wp","href":"https:\/\/api.w.org\/{rel}","templated":true}]}}