{"id":862390,"date":"2025-11-01T12:08:00","date_gmt":"2025-11-01T11:08:00","guid":{"rendered":"https:\/\/gradski.me\/?p=862390"},"modified":"2025-11-01T12:08:00","modified_gmt":"2025-11-01T11:08:00","slug":"sep-ovo-nije-samo-krah-bezbjednosnog-sektora-ovo-je-sramota-vlasti","status":"publish","type":"post","link":"https:\/\/gradski.me\/en\/politika\/sep-ovo-nije-samo-krah-bezbjednosnog-sektora-ovo-je-sramota-vlasti\/","title":{"rendered":"SEP: Ovo nije samo krah bezbjednosnog sektora ovo je sramota vlasti"},"content":{"rendered":"<p><\/p>\n\n\n\n<p>&#8220;Bez dokaza, ali sa jasnom politi\u010dkom re\u017eijom, turski dr\u017eavljani su progla\u0161eni napada\u010dima u incidentu u kojem je jedan Podgori\u010danin zadobio povrede&#8220;, kazali su iz SEP-a.<\/p>\n\n\n\n<p>Na toj manipulaciji izgra\u0111ena je \u010ditava ksenofobna kampanja: nevini ljudi su uhap\u0161eni, jedan narod je postao meta, dok su mediji danima raspirivali mr\u017enju i netrpeljivost prema turskim dr\u017eavljanima i njihovoj imovini, smatraju iz SEP-a.<\/p>\n\n\n\n<p>&#8220;Dr\u017eava je potom, u o\u010dajni\u010dkom poku\u0161aju da prikrije sopstvenu nesposobnost, uvela vizni re\u017eim prema dr\u017eavi od 90 miliona stanovnika \u010diji gra\u0111ani sa incidentom, kako je saop\u0161tila Uprava policije, nijesu imali nikakve veze&#8220;, ocijenili su iz SEP-a.<\/p>\n\n\n\n<p>Takav potez bio je iskra koja je, da li planirano, zapalila talas nasilja \u0161irom Crne Gore: paljeni su lokali, automobili, plovila i imovina turskih dr\u017eavljana a ljudi su progonjeni i stigmatizovani samo zbog imena i porijekla, kazali su iz SEP-a.<\/p>\n\n\n\n<p>&#8220;U trenucima kada su se dru\u0161tvene mre\u017ee punile snimcima govora mr\u017enje, kada su se fa\u0161isti\u010dke parole orile ulicama, premijer je \u0107utao i ubje\u0111ivao nas da bezbjednosni sektor zavr\u0161ava svoj posao efikasno i bez gre\u0161ke&#8220;, smatraju iz SEP-a.<\/p>\n\n\n\n<p>Premijerovo i \u0107utanje nadle\u017enih resora neki su shvatili kao poruku. Poruku da je nasilje nad strancima dozvoljeno. Da je ksenofobija preko no\u0107i postala dr\u017eavna politika, ocijenili su iz SEP-a.<\/p>\n\n\n\n<p>&#8220;I dok su nevini hap\u0161eni i postrojavani uza zid pred kamerama, policija je, kako sada priznaje, znala da trag ne vodi ka Turskim dr\u017eavljanima&#8220;, kazali su iz SEP-a.<\/p>\n\n\n\n<p>To je su\u0161tina gebelsovske propagande: prvo stvori neprijatelja, raspali mr\u017enju, a kad se istina pojavi, prebaci pa\u017enju na ne\u0161to drugo i kreni dalje, kao da se ni\u0161ta nije desilo, ocijenili su iz SEP-a.<\/p>\n\n\n\n<p>U SEP-u smatraju kako to nije samo kolaps i gre\u0161ka bezbjednosnog sektora i onih koji njime upravljaju bezgrani\u010dno, nego da je sistemska sramota. To je dokaz, smatraju u SEP-u, da u Crnoj Gori danas institucije slu\u017ee kao politi\u010dko oru\u017eje i sredstvo manipulacije a ne kao \u010duvari zakona i sigurnosti. Ukazivalu su, kako su rekli, na to prethodno vi\u0161e puta.<\/p>\n\n\n\n<p>&#8220;U svakoj ozbiljnoj dr\u017eavi, ovakav lanac manipulacija, zata\u0161kavanja i \u0161irenja mr\u017enje bio bi dovoljan da padne vlada&#8220;, zaklju\u010duju iz Stranke evropskog progresa.<\/p>\n\n\n\n<p><\/p>","protected":false},"excerpt":{"rendered":"<p>U zemlji u kojoj istina vi\u0161e nije vijest, a la\u017e postaje alat politike, gra\u0111ani su ponovo svjedoci opasne manipulacije bezbjednosnih struktura i re\u017eimskih medija, saop\u0161tili su iz Stranke evropskog progresa.<\/p>","protected":false},"author":1,"featured_media":690141,"comment_status":"open","ping_status":"open","sticky":false,"template":"","format":"standard","meta":{"_acf_changed":false,"footnotes":"","jetpack_publicize_message":"","jetpack_publicize_feature_enabled":true,"jetpack_social_post_already_shared":false,"jetpack_social_options":{"image_generator_settings":{"template":"highway","default_image_id":0,"font":"","enabled":false},"version":2}},"categories":[7],"tags":[7119,11000,11001,3041,2107],"naslovna":[],"class_list":["post-862390","post","type-post","status-publish","format-standard","has-post-thumbnail","hentry","category-politika","tag-bezbjednosni-sektor","tag-krah","tag-sramota","tag-stranka-evropskog-progresa","tag-vlast"],"acf":[],"jetpack_publicize_connections":[],"_links":{"self":[{"href":"https:\/\/gradski.me\/en\/wp-json\/wp\/v2\/posts\/862390","targetHints":{"allow":["GET"]}}],"collection":[{"href":"https:\/\/gradski.me\/en\/wp-json\/wp\/v2\/posts"}],"about":[{"href":"https:\/\/gradski.me\/en\/wp-json\/wp\/v2\/types\/post"}],"author":[{"embeddable":true,"href":"https:\/\/gradski.me\/en\/wp-json\/wp\/v2\/users\/1"}],"replies":[{"embeddable":true,"href":"https:\/\/gradski.me\/en\/wp-json\/wp\/v2\/comments?post=862390"}],"version-history":[{"count":0,"href":"https:\/\/gradski.me\/en\/wp-json\/wp\/v2\/posts\/862390\/revisions"}],"wp:featuredmedia":[{"embeddable":true,"href":"https:\/\/gradski.me\/en\/wp-json\/wp\/v2\/media\/690141"}],"wp:attachment":[{"href":"https:\/\/gradski.me\/en\/wp-json\/wp\/v2\/media?parent=862390"}],"wp:term":[{"taxonomy":"category","embeddable":true,"href":"https:\/\/gradski.me\/en\/wp-json\/wp\/v2\/categories?post=862390"},{"taxonomy":"post_tag","embeddable":true,"href":"https:\/\/gradski.me\/en\/wp-json\/wp\/v2\/tags?post=862390"},{"taxonomy":"naslovna","embeddable":true,"href":"https:\/\/gradski.me\/en\/wp-json\/wp\/v2\/naslovna?post=862390"}],"curies":[{"name":"wp","href":"https:\/\/api.w.org\/{rel}","templated":true}]}}