{"id":862367,"date":"2025-11-01T09:30:03","date_gmt":"2025-11-01T08:30:03","guid":{"rendered":"https:\/\/gradski.me\/?p=862367"},"modified":"2025-11-01T09:30:03","modified_gmt":"2025-11-01T08:30:03","slug":"budva-uhapsen-trener-sportskog-kluba-seksualno-uznemiravao-dvije-maloljetne-osobe","status":"publish","type":"post","link":"https:\/\/gradski.me\/en\/hronika\/budva-uhapsen-trener-sportskog-kluba-seksualno-uznemiravao-dvije-maloljetne-osobe\/","title":{"rendered":"Budva: Uhap\u0161en trener sportskog kluba, seksualno uznemiravao dvije maloljetne osobe"},"content":{"rendered":"<p><\/p>\n\n\n\n<p>&#8220;Naime, nakon niza aktivnosti koje su policijski slu\u017ebenici Odjeljenja bezbjednosti Budva preduzeli u saradnji sa slu\u017ebenicima Odjeljenja bezbjednosti Pljevlja, slobode je li\u0161en M.G. (50) iz Pljevalja, zaposlen kao trener jednog sportskog kluba iz toga gradu, koji je djela koja mu se stavljaju na teret izvr\u0161io na \u0161tetu dvije maloljetne osobe na na\u010din \u0161to je, u dva razli\u010dita vremenska perioda, dok se sa o\u0161te\u0107enim maloljetnim licima nalazio u Budvi radi prisustva takmi\u010denju koje se odr\u017eavalo u tom gradu, iste neprikladno dodirivao po tijelu&#8220;, navode iz Uprave policije.<\/p>\n\n\n\n<p>Na taj na\u010din M.G. je i zloupotrijebio svoj slu\u017ebeni polo\u017eaj i autoritet budu\u0107i da su mu ova maloljetna lica bila povjerena na brigu tokom slu\u017ebenog puta, te su se nalazile u odnosu zavisnosti i podre\u0111enosti u odnosu na njega, isit\u010du iz Uprave policije.<\/p>\n\n\n\n<p>&#8220;On je uz krivi\u010dnu prijavu u zakonskom roku priveden nadle\u017enom tu\u017eiocu u Osnovnom dr\u017eavnom tu\u017eila\u0161tvu u Kotoru na dalje postupanje&#8220;, zaklju\u010duju iz Uprave policije.<\/p>","protected":false},"excerpt":{"rendered":"<p>Slu\u017ebenici Regionalnog centra bezbjednosti \u201eJug\u201c, Odjeljenja bezbjednosti Budva, li\u0161ili su slobode lice osumnji\u010deno seksualno uznemiravanje i nedozvoljene polne radnje u vezi sa krivi\u010dnim djelom obljuba zloupotrebom polo\u017eaja, koja je djela izvr\u0161io na \u0161tetu dvije maloljetne osobe, saop\u0161teno je iz Uprave policije.<\/p>","protected":false},"author":1,"featured_media":742071,"comment_status":"open","ping_status":"open","sticky":false,"template":"","format":"standard","meta":{"_acf_changed":false,"footnotes":"","jetpack_publicize_message":"","jetpack_publicize_feature_enabled":true,"jetpack_social_post_already_shared":false,"jetpack_social_options":{"image_generator_settings":{"template":"highway","default_image_id":0,"font":"","enabled":false},"version":2}},"categories":[10],"tags":[925,10988,10989,5382],"naslovna":[],"class_list":["post-862367","post","type-post","status-publish","format-standard","has-post-thumbnail","hentry","category-hronika","tag-budva","tag-dvije-maloljetne-osobe","tag-hapsenje-trenera-sportskog-kluba","tag-seksualno-uznemiravanje"],"acf":[],"jetpack_publicize_connections":[],"_links":{"self":[{"href":"https:\/\/gradski.me\/en\/wp-json\/wp\/v2\/posts\/862367","targetHints":{"allow":["GET"]}}],"collection":[{"href":"https:\/\/gradski.me\/en\/wp-json\/wp\/v2\/posts"}],"about":[{"href":"https:\/\/gradski.me\/en\/wp-json\/wp\/v2\/types\/post"}],"author":[{"embeddable":true,"href":"https:\/\/gradski.me\/en\/wp-json\/wp\/v2\/users\/1"}],"replies":[{"embeddable":true,"href":"https:\/\/gradski.me\/en\/wp-json\/wp\/v2\/comments?post=862367"}],"version-history":[{"count":0,"href":"https:\/\/gradski.me\/en\/wp-json\/wp\/v2\/posts\/862367\/revisions"}],"wp:featuredmedia":[{"embeddable":true,"href":"https:\/\/gradski.me\/en\/wp-json\/wp\/v2\/media\/742071"}],"wp:attachment":[{"href":"https:\/\/gradski.me\/en\/wp-json\/wp\/v2\/media?parent=862367"}],"wp:term":[{"taxonomy":"category","embeddable":true,"href":"https:\/\/gradski.me\/en\/wp-json\/wp\/v2\/categories?post=862367"},{"taxonomy":"post_tag","embeddable":true,"href":"https:\/\/gradski.me\/en\/wp-json\/wp\/v2\/tags?post=862367"},{"taxonomy":"naslovna","embeddable":true,"href":"https:\/\/gradski.me\/en\/wp-json\/wp\/v2\/naslovna?post=862367"}],"curies":[{"name":"wp","href":"https:\/\/api.w.org\/{rel}","templated":true}]}}