{"id":859238,"date":"2025-10-27T11:42:50","date_gmt":"2025-10-27T10:42:50","guid":{"rendered":"https:\/\/gradski.me\/?p=859238"},"modified":"2026-03-03T16:37:20","modified_gmt":"2026-03-03T15:37:20","slug":"nisic-uvodjenje-viznog-rezima-zbog-bezbjednosti-gradjana-a-ne-politizacije","status":"publish","type":"post","link":"https:\/\/gradski.me\/en\/drustvo\/nisic-uvodjenje-viznog-rezima-zbog-bezbjednosti-gradjana-a-ne-politizacije\/","title":{"rendered":"Ni\u0161i\u0107: introduction of visa regime for security of citizens, not politicization"},"content":{"rendered":"<p><\/p>\n\n\n\n<p><\/p>\n\n\n\n<p>\u201eBezbjednost na\u0161ih gra\u0111ana bi\u0107e uvijek na prvom mjestu, ali uz po\u0161tovanje partnerstava i svih nacija koje \u017eive i rade u Crnoj Gori,\u201c poru\u010dila je ministarka Ni\u0161i\u0107 u Jutarnjem programu TVCG.<\/p>\n\n\n\n<p>Ona je osudila poklike na nnacionalnoj osnovi koji su se mogli \u010duti na skupovu gra\u0111ana.<\/p>\n\n\n\n<p>&#8222;To \u0161to neko uradi ne\u0161to \u0161to nije u redu i nije u skladu sa zakonom, ne mo\u017ee da se reflektuje na cijelu naciju i da se targetira cijela nacija. Sigurna sam da se ovako ne\u0161to desilo i u drugim dr\u017eavama, isto bi reagovale i \u017eeljele bi da se poo\u0161tri kontrola i da se stavi fokus na za\u0161titi gra\u0111anna&#8220;, kazala je ministarka.<\/p>\n\n\n\n<p>Pojasnila je da najava premijera o ukidanju bezviznog re\u017eima dr\u017eavljanima Turske nije ne\u0161to \u0161to se kosi sa o\u010dekivanjima i politikom Evropske komisije.<\/p>\n\n\n\n<p>&#8222;Ne vidim ni\u0161ta sporno da se revidiraju neke stvari kako bi se za\u0161titila bezbjednost gra\u0111ana&#8220;, objasnila je ona.&nbsp;<\/p>\n\n\n\n<p>Ni\u0161i\u0107 je podsjetila je da se broj stranaca koji borave i rade u Crnoj Gori odre\u0111uje u okviru dijaloga dr\u017eave, sindikata i poslodavaca, te da se sve odluke u vezi sa migracionom politikom donose promi\u0161ljeno i u skladu sa zakonom.<\/p>","protected":false},"excerpt":{"rendered":"<p>Povodom nedavnih doga\u0111aja koji su uznemirili javnost, ministarka rada i socijalnog staranja Naida Ni\u0161i\u0107 je naglasila da je uvo\u0111enje viznog re\u017eima privremena mjera usmjerena isklju\u010divo na ja\u010danje bezbjednosti gra\u0111ana, a ne na politizaciju odnosa sa drugim dr\u017eavama. Ona je u emisiji &#8222;Dobro jutro Crna Goro&#8220; kazala da je uvjerena da uvo\u0111enje viznog re\u017eima ne mo\u017ee poremetiti odnose dvije zemlje ako se iskomunicira kako treba.<\/p>","protected":false},"author":1,"featured_media":845267,"comment_status":"open","ping_status":"open","sticky":false,"template":"","format":"standard","meta":{"_acf_changed":false,"footnotes":"","jetpack_publicize_message":"","jetpack_publicize_feature_enabled":true,"jetpack_social_post_already_shared":false,"jetpack_social_options":{"image_generator_settings":{"template":"highway","default_image_id":0,"font":"","enabled":false},"version":2}},"categories":[9],"tags":[10940,10941],"naslovna":[],"class_list":["post-859238","post","type-post","status-publish","format-standard","has-post-thumbnail","hentry","category-drustvo","tag-nisic","tag-vize"],"acf":[],"jetpack_publicize_connections":[],"_links":{"self":[{"href":"https:\/\/gradski.me\/en\/wp-json\/wp\/v2\/posts\/859238","targetHints":{"allow":["GET"]}}],"collection":[{"href":"https:\/\/gradski.me\/en\/wp-json\/wp\/v2\/posts"}],"about":[{"href":"https:\/\/gradski.me\/en\/wp-json\/wp\/v2\/types\/post"}],"author":[{"embeddable":true,"href":"https:\/\/gradski.me\/en\/wp-json\/wp\/v2\/users\/1"}],"replies":[{"embeddable":true,"href":"https:\/\/gradski.me\/en\/wp-json\/wp\/v2\/comments?post=859238"}],"version-history":[{"count":1,"href":"https:\/\/gradski.me\/en\/wp-json\/wp\/v2\/posts\/859238\/revisions"}],"predecessor-version":[{"id":913258,"href":"https:\/\/gradski.me\/en\/wp-json\/wp\/v2\/posts\/859238\/revisions\/913258"}],"wp:featuredmedia":[{"embeddable":true,"href":"https:\/\/gradski.me\/en\/wp-json\/wp\/v2\/media\/845267"}],"wp:attachment":[{"href":"https:\/\/gradski.me\/en\/wp-json\/wp\/v2\/media?parent=859238"}],"wp:term":[{"taxonomy":"category","embeddable":true,"href":"https:\/\/gradski.me\/en\/wp-json\/wp\/v2\/categories?post=859238"},{"taxonomy":"post_tag","embeddable":true,"href":"https:\/\/gradski.me\/en\/wp-json\/wp\/v2\/tags?post=859238"},{"taxonomy":"naslovna","embeddable":true,"href":"https:\/\/gradski.me\/en\/wp-json\/wp\/v2\/naslovna?post=859238"}],"curies":[{"name":"wp","href":"https:\/\/api.w.org\/{rel}","templated":true}]}}