{"id":858362,"date":"2025-10-25T20:22:00","date_gmt":"2025-10-25T18:22:00","guid":{"rendered":"https:\/\/gradski.me\/?p=858362"},"modified":"2025-10-25T20:22:00","modified_gmt":"2025-10-25T18:22:00","slug":"realizacija-projekta-ski-centra-zarski-dace-snazan-podsticaj-privrednom-i-turistickom-razvoju-mojkovca","status":"publish","type":"post","link":"https:\/\/gradski.me\/en\/ekonomija\/realizacija-projekta-ski-centra-zarski-dace-snazan-podsticaj-privrednom-i-turistickom-razvoju-mojkovca\/","title":{"rendered":"\u201eRealizacija projekta ski-centra \u017darski da\u0107e sna\u017ean podsticaj privrednom i turisti\u010dkom razvoju Mojkovca\u201c"},"content":{"rendered":"<p><\/p>\n\n\n\n<p>Kako je saop\u0161teno iz Ministarstva javnih radova, ovaj projekat predstavlja va\u017ean korak u sprovo\u0111enju jasne vizije razvoja sjevera Crne Gore i unapre\u0111enja infrastrukturnih i turisti\u010dkih kapaciteta op\u0161tine Mojkovac.<\/p>\n\n\n\n<p>&#8222;Realizacija projekta Ski-centra \u017darski da\u0107e sna\u017ean podsticaj privrednom i turisti\u010dkom razvoju Mojkovca, uz afirmaciju njegovih prirodnih potencijala&#8220;, poru\u010dili su iz ministarstva u objavi na Fejsbuku.<\/p>\n\n\n\n<p>Novi ski-centar, kako isti\u010du, doprinije\u0107e unapre\u0111enju turisti\u010dke ponude, otvaranju novih radnih mjesta i pozicioniranju Mojkovca kao prepoznatljive destinacije na mapi regionalnih ski centara, \u010dime se stvaraju uslovi za odr\u017eiv razvoj i bolji kvalitet \u017eivota gra\u0111ana.<\/p>\n\n\n\n<p><img decoding=\"async\" width=\"100%\" src=\"https:\/\/rtcg.me\/upload\/\/media\/2025\/9\/25\/20\/51\/867\/2310064\/resize\/2310067\/%C5%BDARSKI_1111_720x900\" alt=\"\" title=\"\"><em>\u00a0Foto: Ministarstvo javnih radova<\/em><\/p>\n\n\n\n<p>&#8222;Ski centar \u017darski predstavlja primjer dosljednog sprovo\u0111enja jasne vizije Vlade Crne Gore i Ministarstva javnih radova, usmjerene ka ravnomjernom regionalnom razvoju i strate\u0161kom investiranju u projekte od zna\u010daja za sjever zemlje&#8220;, zaklju\u010duje se u saop\u0161tenju.<\/p>\n\n\n\n<figure class=\"wp-block-image size-full\"><img fetchpriority=\"high\" decoding=\"async\" width=\"1023\" height=\"819\" src=\"https:\/\/new.gradski.me\/wp-content\/uploads\/2025\/10\/572788892_17866877439469702_2714504735007023912_n.jpg\" alt=\"\" class=\"wp-image-858368\" title=\"\" srcset=\"https:\/\/gradski.me\/wp-content\/uploads\/2025\/10\/572788892_17866877439469702_2714504735007023912_n.jpg 1023w, https:\/\/gradski.me\/wp-content\/uploads\/2025\/10\/572788892_17866877439469702_2714504735007023912_n-300x240.jpg 300w, https:\/\/gradski.me\/wp-content\/uploads\/2025\/10\/572788892_17866877439469702_2714504735007023912_n-768x615.jpg 768w\" sizes=\"(max-width: 1023px) 100vw, 1023px\" \/><figcaption class=\"wp-element-caption\"><em>Foto: Ministarstvo javnih radova<\/em><\/figcaption><\/figure>","protected":false},"excerpt":{"rendered":"<p>Dr\u017eavni sekretar Ministarstva javnih radova Marko Joki\u0107, zajedno sa direktorom Turisti\u010dke organizacije Mojkovac Radonjom Vukovi\u0107em i saradnicima, obi\u0161ao je gradili\u0161te na Ski-centru \u017darski.<\/p>","protected":false},"author":1,"featured_media":858364,"comment_status":"open","ping_status":"open","sticky":false,"template":"","format":"standard","meta":{"_acf_changed":false,"footnotes":"","jetpack_publicize_message":"","jetpack_publicize_feature_enabled":true,"jetpack_social_post_already_shared":false,"jetpack_social_options":{"image_generator_settings":{"template":"highway","default_image_id":0,"font":"","enabled":false},"version":2}},"categories":[8],"tags":[6147,805,10849,10850],"naslovna":[],"class_list":["post-858362","post","type-post","status-publish","format-standard","has-post-thumbnail","hentry","category-ekonomija","tag-marko-jokic","tag-ministarstvo-javnih-radova","tag-radonja-vukovic","tag-ski-centar-zarski"],"acf":[],"jetpack_publicize_connections":[],"_links":{"self":[{"href":"https:\/\/gradski.me\/en\/wp-json\/wp\/v2\/posts\/858362","targetHints":{"allow":["GET"]}}],"collection":[{"href":"https:\/\/gradski.me\/en\/wp-json\/wp\/v2\/posts"}],"about":[{"href":"https:\/\/gradski.me\/en\/wp-json\/wp\/v2\/types\/post"}],"author":[{"embeddable":true,"href":"https:\/\/gradski.me\/en\/wp-json\/wp\/v2\/users\/1"}],"replies":[{"embeddable":true,"href":"https:\/\/gradski.me\/en\/wp-json\/wp\/v2\/comments?post=858362"}],"version-history":[{"count":0,"href":"https:\/\/gradski.me\/en\/wp-json\/wp\/v2\/posts\/858362\/revisions"}],"wp:featuredmedia":[{"embeddable":true,"href":"https:\/\/gradski.me\/en\/wp-json\/wp\/v2\/media\/858364"}],"wp:attachment":[{"href":"https:\/\/gradski.me\/en\/wp-json\/wp\/v2\/media?parent=858362"}],"wp:term":[{"taxonomy":"category","embeddable":true,"href":"https:\/\/gradski.me\/en\/wp-json\/wp\/v2\/categories?post=858362"},{"taxonomy":"post_tag","embeddable":true,"href":"https:\/\/gradski.me\/en\/wp-json\/wp\/v2\/tags?post=858362"},{"taxonomy":"naslovna","embeddable":true,"href":"https:\/\/gradski.me\/en\/wp-json\/wp\/v2\/naslovna?post=858362"}],"curies":[{"name":"wp","href":"https:\/\/api.w.org\/{rel}","templated":true}]}}