{"id":858046,"date":"2025-10-25T12:04:00","date_gmt":"2025-10-25T10:04:00","guid":{"rendered":"https:\/\/gradski.me\/?p=858046"},"modified":"2025-10-25T12:04:00","modified_gmt":"2025-10-25T10:04:00","slug":"ambasadorka-lakic-barfus-predala-akreditivna-pisma-predsjednici-svajcarske-konfederacije","status":"publish","type":"post","link":"https:\/\/gradski.me\/en\/politika\/ambasadorka-lakic-barfus-predala-akreditivna-pisma-predsjednici-svajcarske-konfederacije\/","title":{"rendered":"Ambassador Laki\u0107 Barfus presents her credentials to the President of the Swiss Confederation"},"content":{"rendered":"<p><br><\/p>\n\n\n\n<p><\/p>\n\n\n\n<p>Kako se navodi, tokom razgovora, sagovornice su izrazile obostrano zadovoljstvo zbog odli\u010dnih bilateralnih odnosa Crne Gore i \u0160vajcarske, uz ocjenu da otvaranje Ambasade Crne Gore u Bernu predstavlja novo poglavlje u saradnji dvije dr\u017eave.<br><\/p>\n\n\n\n<p>\u201cAmbasadorka Laki\u0107 Barfus zahvalila je na dugogodi\u0161njoj podr\u0161ci \u0160vajcarske reformskim procesima i evropskom putu Crne Gore, podsjetiv\u0161i na cilj da na\u0161a dr\u017eava zaokru\u017ei pregovara\u010dki proces i pristupi Evropskoj uniji do 2028. godine\u201d, isti\u010de se u saop\u0161tenju.<\/p>\n\n\n\n<p>Dodaje se da je \u010destitaju\u0107i ambasadorki stupanje na du\u017enost, predsjednica Keler-Suter naglasila zna\u010daj regiona Zapadnog Balkana za \u0160vajcarsku i ocijenila da postoji veliki potencijal za intenziviranje sveukupnih me\u0111udr\u017eavnih veza.<\/p>\n\n\n\n<p>\u201cU fokusu razgovora bila je i brojna crnogorska dijaspora u \u0160vajcarskoj, koja predstavlja va\u017ean most saradnje izme\u0111u dvije zemlje, te je iskazana obostrana posve\u0107enost daljem unaprje\u0111enju saradnje u oblastima od zajedni\u010dkog interesa\u201d, zaklju\u010duje se u saop\u0161tenju.<\/p>\n\n\n\n<p><\/p>","protected":false},"excerpt":{"rendered":"<p>Ambasadorka Marija Laki\u0107 Barfus predala je akreditivna pisma predsjednici \u0160vajcarske Konfederacije Karin Keler-Suter, \u010dime je zvani\u010dno stupila na du\u017enost izvanredne i opunomo\u0107ene ambasadorke Crne Gore u toj dr\u017eavi, saop\u0161tili su iz Ministarstva vanjskih poslova.<\/p>","protected":false},"author":1,"featured_media":858047,"comment_status":"open","ping_status":"open","sticky":false,"template":"","format":"standard","meta":{"_acf_changed":false,"footnotes":"","jetpack_publicize_message":"","jetpack_publicize_feature_enabled":true,"jetpack_social_post_already_shared":false,"jetpack_social_options":{"image_generator_settings":{"template":"highway","default_image_id":0,"font":"","enabled":false},"version":2}},"categories":[7],"tags":[10799,1592,2766],"naslovna":[],"class_list":["post-858046","post","type-post","status-publish","format-standard","has-post-thumbnail","hentry","category-politika","tag-marija-lakic-barfus","tag-mvp","tag-svajcarska-3"],"acf":[],"jetpack_publicize_connections":[],"_links":{"self":[{"href":"https:\/\/gradski.me\/en\/wp-json\/wp\/v2\/posts\/858046","targetHints":{"allow":["GET"]}}],"collection":[{"href":"https:\/\/gradski.me\/en\/wp-json\/wp\/v2\/posts"}],"about":[{"href":"https:\/\/gradski.me\/en\/wp-json\/wp\/v2\/types\/post"}],"author":[{"embeddable":true,"href":"https:\/\/gradski.me\/en\/wp-json\/wp\/v2\/users\/1"}],"replies":[{"embeddable":true,"href":"https:\/\/gradski.me\/en\/wp-json\/wp\/v2\/comments?post=858046"}],"version-history":[{"count":0,"href":"https:\/\/gradski.me\/en\/wp-json\/wp\/v2\/posts\/858046\/revisions"}],"wp:featuredmedia":[{"embeddable":true,"href":"https:\/\/gradski.me\/en\/wp-json\/wp\/v2\/media\/858047"}],"wp:attachment":[{"href":"https:\/\/gradski.me\/en\/wp-json\/wp\/v2\/media?parent=858046"}],"wp:term":[{"taxonomy":"category","embeddable":true,"href":"https:\/\/gradski.me\/en\/wp-json\/wp\/v2\/categories?post=858046"},{"taxonomy":"post_tag","embeddable":true,"href":"https:\/\/gradski.me\/en\/wp-json\/wp\/v2\/tags?post=858046"},{"taxonomy":"naslovna","embeddable":true,"href":"https:\/\/gradski.me\/en\/wp-json\/wp\/v2\/naslovna?post=858046"}],"curies":[{"name":"wp","href":"https:\/\/api.w.org\/{rel}","templated":true}]}}