{"id":857245,"date":"2025-10-23T20:16:00","date_gmt":"2025-10-23T18:16:00","guid":{"rendered":"https:\/\/gradski.me\/?p=857127"},"modified":"2025-10-23T20:16:00","modified_gmt":"2025-10-23T18:16:00","slug":"markovic-dok-sam-ja-vdt-tuzilastvo-ce-biti-nezavisno-2","status":"publish","type":"post","link":"https:\/\/gradski.me\/en\/politika\/markovic-dok-sam-ja-vdt-tuzilastvo-ce-biti-nezavisno-2\/","title":{"rendered":"Mandi\u0107: Te\u0161ko sam pogrije\u0161io izborom Markovi\u0107a, Markovi\u0107: Ne\u0107u podnijeti ostavku"},"content":{"rendered":"<p>zvje\u0161taj nije dobio podr\u0161ku ranije danas na Odboru za pravosu\u0111e, politi\u010dki sistem i upravu.<\/p>\n\n\n\n<p><img decoding=\"async\" width=\"100%\" alt=\"Milorad Markovi\u0107 pred poslanicima\" src=\"https:\/\/rtcg.me\/upload\/\/media\/2025\/9\/23\/17\/1\/142\/2307666\/resize\/2307669\/DSC01384(10-23-17-50-14)_601x900\" title=\"\"><em>Milorad Markovi\u0107 pred poslanicima (Foto: Skup\u0161tina Crne Gore)<\/em><\/p>\n\n\n\n<p>Vrhovni dr\u017eavni tu\u017eilac Milorad Markovi\u0107 rekao je na po\u010detku sjednice da rezultati tu\u017eila\u0161tva za 2024. godine pokazuju da je sistem stabilan, profesionalan i usmjeren na dalji napredak. Rekao je da su sprovedene reforme postavile temelje za modernizaciju i transparentnost rada.<\/p>\n\n\n\n<p>\u201cSvjesni smo slabosti, koji zahtijevaju zajedni\u010dko djelovanje i podr\u0161u svih institucija. Na\u0161 krajnji cilj ostaje jasan \u2013 efikasno, nezavisno i transparentno tu\u017eila\u0161tvo koje postupa isklju\u010divo u skladu sa Ustavom i zakonima i interesu gra\u0111ana\u201d, tvrdi Markovi\u0107.<\/p>\n\n\n\n<p><img decoding=\"async\" width=\"100%\" alt=\"Jelena Nedovi\u0107\" src=\"https:\/\/rtcg.me\/upload\/\/media\/2025\/9\/23\/17\/4\/102\/2307690\/resize\/2307693\/DSC01531(10-23-17-50-14)_601x900\" title=\"\"><em>Jelena Nedovi\u0107 (Foto: Skup\u0161tina Crne Gore)<\/em><\/p>\n\n\n\n<p>Poslanica Evrope sad Jelena Nedovi\u0107 kazala je da gra\u0111ani znaju da ima onih koji sjede u pritvoru mjesecima, a neki odluke sudova \u010dekaju slobodno.<\/p>\n\n\n\n<p>\u201cGra\u0111ani ne tra\u017ee milost, nego pravdu, \u017eeljni su pravde\u201d, poru\u010dila je Nedovi\u0107.<\/p>\n\n\n\n<p>Ona je rekla da dr\u017eavno tu\u017eila\u0161tvo mora biti stub povjerenja.<\/p>\n\n\n\n<p><img decoding=\"async\" width=\"100%\" alt=\"Zirojevi\u0107\" src=\"https:\/\/rtcg.me\/upload\/\/media\/2025\/9\/23\/17\/24\/447\/2307678\/resize\/2307681\/DSC01561(10-23-17-50-14)_601x900\" title=\"\"><em>Zirojevi\u0107 (Foto: Skup\u0161tina Crne Gore)<\/em><\/p>\n\n\n\n<p>Poslanik SD Nikola Zirojevi\u0107 rekao je da Markovi\u0107 iskazuje skandalozan odnos prema poslanicima i parlamentu.&nbsp;<\/p>\n\n\n\n<p>&#8222;Vi se ovdje jednom godi\u0161nje pojavljujete a uredno dolazite kada treba da vam odredimo varijabile. Nijesu vas birali gra\u0111ani na izborima nego mene, a ja sam poslanik i poslanici su birali vas&#8220;, rekao je Zirojevi\u0107.&nbsp;<\/p>\n\n\n\n<p>Kako je rekao, vladika Metodije poni\u017eava svojim postupanjem u Beranama u VDT i direktora policije.&nbsp;<\/p>\n\n\n\n<p>&#8222;Na kraju, zavr\u0161i\u0107u sa rije\u010dima jednog od junaka Skaj aplikacije&#8220;, naveo je Zirojevi\u0107 i sa telefona pustio snimak biznismena Miodraga Davidovi\u0107a koji ka\u017ee &#8222;vidite li kako su rasprcali Eleketroprivredu&#8220;.&nbsp;<\/p>\n\n\n\n<p><img decoding=\"async\" width=\"100%\" alt=\"Vu\u010durovi\u0107\" src=\"https:\/\/rtcg.me\/upload\/\/media\/2025\/9\/23\/17\/4\/262\/2307672\/resize\/2307675\/DSC01570(10-23-17-50-14)_601x900\" title=\"\"><em>Vu\u010durovi\u0107 (Foto: Skup\u0161tina Crne Gore)<\/em><\/p>\n\n\n\n<p>Poslanik NSD\/ZBCG Jovan Vu\u010durovi\u0107 rekao je da tu\u017eila\u0161tvo nikada u ovoj zemlji nije bilo samostalno i nezavisno. Navodi da su problemi Crne Gore afera &#8222;Telekom&#8220;, afera &#8222;crne trojke&#8220;, ubistvo Du\u0161ka Jovanovi\u0107a i druga ubistva u u zemlji.&nbsp;<\/p>\n\n\n\n<p>&#8222;A za prva dva predmeta dobili smo informaciju da je do\u0161lo do zastare. Mislim da u va\u0161im redovima, u tu\u017eila\u0161tvu, ima kadrova koji su bili bliski Sa\u0161i \u0106a\u0111enovi\u0107u i Milivoju Katni\u0107u a koji rovare, koji prave probleme i opstrukcije. Ali to je va\u0161 problem a mi \u0107emo kao samostalna politi\u010dka organizacija znati da se odredimo prema tome&#8220;, rekao je Vu\u010durovi\u0107.&nbsp;<\/p>\n\n\n\n<p>On je naveo da li\u010dno ne bi glasao za Markovi\u0107a kao vrhovnog tu\u017eioca, ali je to uradio na sugestiju \u010delnika NSD Andrije Mandi\u0107a, jer je to pitanje trebalo tada zatvoriti.&nbsp;<\/p>\n\n\n\n<p>&#8222;Ne shvatam da ne mo\u017ee da se efikasnije reaguje na neke pojave koje su bile za 30 godina toliko jasne da nije razumljivo za\u0161to se sporo reaguje. Istina, ima rezultata i kod vas, i god GST Vladimira Novovi\u0107a i u SPO kod Predraga \u0160ukovi\u0107a, ali mislim da u va\u0161im redovima imate trule daske i da treba da se krene od glave a ne s dna. Ka\u017eem, podr\u017eali bi vas ali mislimo da treba da budete jo\u0161 efikasniji i br\u017ei&#8220;, rekao je Vu\u010durovi\u0107.&nbsp;<\/p>\n\n\n\n<p>On je rekao da tu\u017eila\u0161tvo ne mo\u017ee da bude \u010detvrta grana vlasti, kako je ranije danas na odboru Markovi\u0107, vjerovatno nespretno, poku\u0161ao da prika\u017ee.&nbsp;<\/p>\n\n\n\n<p><img decoding=\"async\" width=\"100%\" alt=\"Sa sjednice parlamenta\" src=\"https:\/\/rtcg.me\/upload\/\/media\/2025\/9\/23\/17\/15\/958\/2307684\/resize\/2307687\/DSC01460(10-23-17-50-14)_601x900\" title=\"\"><em>Sa sjednice parlamenta (Foto: Skup\u0161tina Crne Gore)<\/em><\/p>\n\n\n\n<p>Markovi\u0107 je u komentaru rekao da prisustvujemo istorijskom momentu &#8211; prvi put samostalnom i nezavisnom tu\u017eila\u0161tvu.&nbsp;<\/p>\n\n\n\n<p>Kazao je da kontrolna saslu\u0161anja jesu su\u0161tinski zadiranje u nadle\u017enosti tu\u017eila\u0161tva.&nbsp;<\/p>\n\n\n\n<p>&#8222;Ne mo\u017eete vi da pozivate tu\u017eioca na odgovornost za odluke koje je donio, to je stvar shodno procedurama unutar tu\u017eila\u0161tva&#8220;, rekao je Markovi\u0107.&nbsp;<\/p>\n\n\n\n<p>On je Zirojevi\u0107u poru\u010dio da je parlament odredio zaradu vrhovnog tu\u017eioca.&nbsp;<\/p>\n\n\n\n<p>&#8222;Ako je problem moja plata, izvolite i donesite druga\u010diju odluku. I uzred budi re\u010deno, tu zaradu koju imam u tu\u017eila\u0161tvu imao sam i prije tu\u017eila\u0161tva&#8220;, rekao je Markovi\u0107.&nbsp;<\/p>\n\n\n\n<p>U\u010destalost komentarisanja tu\u017eila\u010dkih odluka, kazao je, ukazuje da pojedinci bez dovoljno znanja i informacija napadaju tu\u017eioce.&nbsp;<\/p>\n\n\n\n<p>&#8222;Tim neosnovanim napadima se uru\u0161ava ugled tu\u017eila\u0161tva koje nije moja institucija nego je institucija ove dr\u017eave. Mi smo spremni na konstruktivne kritike ali neosnovani napadi pri\u010dinjavaju \u0161tetu&#8220;, rekao je Markovi\u0107.&nbsp;<\/p>\n\n\n\n<p>Kako je rekao, dok je on vrhovni tu\u017eilac tu\u017eila\u0161tvo \u0107e biti nezavisno i samostalno.&nbsp;<\/p>\n\n\n\n<p>&#8222;To je moje o\u010dekivanje od rukovodilaca tu\u017eila\u0161tava. Ja sam danas do\u0161ao ovdje i razgovaramo o ovom izvje\u0161taju, i to je vid kontrole koji je u skladu sa Ustavom i zakonom. Mi da sa vama pri\u010damo o konkretnim predmetima, ne bi imali drugog posla nego da ovdje dolazimo. Moj ideal koji \u017eelim da dostignem jeste da gra\u0111ani i ne znaju ko je vrhovni tu\u017eilac. To \u0161to nisam \u010desto u javnosti jeste moja procjena da je va\u017enije da radimo svoj posao u kancelariji i sudu&#8220;, rekao je Markovi\u0107.&nbsp;<\/p>\n\n\n\n<p><strong>Abazovi\u0107: Rad tu\u017eila\u0161tva neuporedivo bolji<\/strong><\/p>\n\n\n\n<p>Lider Gra\u0111anskog pokreta URA Dritan Abazovi\u0107 iskazao je veliko po\u0161tovanje prema Markovi\u0107u i specijalnom dr\u017eavnom tu\u017eiocu Novovi\u0107u i istakao je da je bez dileme rad tu\u017eila\u0161tva neuporedivo bolji.<\/p>\n\n\n\n<p><img decoding=\"async\" width=\"100%\" alt=\"Abazovi\u0107\" src=\"https:\/\/rtcg.me\/upload\/\/media\/2025\/9\/23\/17\/52\/381\/2307714\/resize\/2307717\/1761234053-image002-i_1920x1280_600x900\" title=\"\"><em>Abazovi\u0107 (Foto: Skup\u0161tina Crne Gore)<\/em><\/p>\n\n\n\n<p>&#8222;\u010cinjenica da je nama biv\u0161i specijalni tu\u017eilac u zatvoru, pomo\u0107nik biv\u0161eg specijalnog tu\u017eioca tako\u0111e, nedavno je procesuirana njihova koleginica tu\u017eilac i nije zadnja koja \u0107e da strada od ruke pravde zbog u\u010de\u0161\u0107a u kriminalnoj organizaciji&#8220;, kazao je Abazovi\u0107.<\/p>\n\n\n\n<p>Poru\u010dio je da on i URA pozitivno gledaju na rad tu\u017eila\u0161tva.&nbsp;<\/p>\n\n\n\n<p>&#8222;Mo\u017eemo da ka\u017eemo da je bolje nego ranije, ali nijesmo se ni proslavili. Govorim o velikim zvu\u010dnim slu\u010dajevima iz ranijeg perioda&#8220;, kazao je on i naveo da izdvaja Vladimira Novovi\u0107a.&nbsp;&nbsp;<\/p>\n\n\n\n<p>Podr\u017eao je sindikate zdravstva i tu\u017eila\u0161tva za ve\u0107e plate.&nbsp;<\/p>\n\n\n\n<p>&#8222;Sve \u0161to dr\u017eavno tu\u017eila\u0161tvo bi\u0107e uzaludno ako se kriminalnim grupama ne uzme finansijska mo\u0107&#8230; Ako im ne uzmemo imovinu, oni kad odrade kaznu nastavi\u0107e da rade identi\u010dnu stvar&#8220;, kazao je Abazovi\u0107.&nbsp;<\/p>\n\n\n\n<p><strong>Bo\u017eovi\u0107: Podr\u017ea\u0107emo izvje\u0161taj<\/strong><\/p>\n\n\n\n<p>Poslanik Socijalisti\u010dke narodne partije Bogdan Bo\u017eovi\u0107 izjavio je da \u0107e SNP podr\u017eati izvje\u0161taj.<\/p>\n\n\n\n<p><strong>\u010capuni: Progon Albanaca nije javni, ali jeste ne\u010diji politi\u010dki interes<\/strong><\/p>\n\n\n\n<p>Poslanik Albanske alijanse Ilir \u010capuni kazao je da nema za\u0161tite Albanaca i u njihovih prestavnika, te da tu\u017eila\u0161tvo goni njihove funkcionere za stvari koje funkcionerima drugih op\u0161tina opra\u0161ta. Istakao je i da se ne gone oni koji otvoreno Albence po medijima otvoreno nazivaju \u0161iptarima.<\/p>\n\n\n\n<p><img decoding=\"async\" width=\"100%\" alt=\"Ilir \u010capuni\" src=\"https:\/\/rtcg.me\/upload\/\/media\/2025\/9\/23\/17\/25\/481\/2307708\/resize\/2307711\/1761234052-image004-i_1920x1280_600x900\" title=\"\"><em>Ilir \u010capuni (Foto: Skup\u0161tina Crne Gore)<\/em><\/p>\n\n\n\n<p><br><br>&#8222;Smatram da ovaj progon nije javni interes Crne Gore, ali jeste ne\u010diji politi\u010dni interes. Smatram da ovakvim ostupanjem, tu\u017eila\u0161tvo ne funkcioni\u0161e kao pravi organ gonjenja. Ne\u0107u glasati za ovaj izvje\u0161taj, ali nadam se da \u0107ete gospodine Markovi\u0107u tokom godine okrenuti pravac ovog djelovanja do sada&#8220;, rekao je \u010capuni.<\/p>\n\n\n\n<p><strong>Smailovi\u0107: Napretka ima, ali nama treba vi\u0161e, bi\u0107emo uzdr\u017eani<\/strong><\/p>\n\n\n\n<p>Poslanik Amer Smailovi\u0107 kazao je da su primijetni zna\u010dajni napreci kada je rije\u010d o ratnim zlo\u010dinima.<\/p>\n\n\n\n<p>&#8222;Pokrenute su istrage i pokazana je volja da se ovi slu\u010dajevi ne guraju pod tepih&#8220;, kazao je on.<\/p>\n\n\n\n<p>Ipak, kazao je da gra\u0111ani o\u010dekuju mnogo vi\u0161e, kao i pravdu za Bukovicu, deportacuiju Bo\u0161njaka iz Herceg Novog, Morinj, Kalu\u0111erski laz, \u0160trpci&#8230;<\/p>\n\n\n\n<p>&#8222;Svjesni smo da za dvije ili pet godina ne mo\u017eete zavr\u0161ti sve \u0161to sam pomenuo, ali ne \u017eelimo da zlo\u010dini iz 90-tih godina budu zaboravljeni poput zlo\u010dina u \u0160ahovi\u0107ima. Vidimo napredak, ali je stvar previ\u0161e ozbiljna i te\u0161ka da bismo olako kazali da je sve zavr\u0161eno, zato je na\u0161 stav da \u0107emo biti uzdr\u017eani. Iskazujemo podr\u0161ku, ali o\u010dekujemo da rije\u0161ite su\u0111tinske stvari&#8220;, kazao je Smailovi\u0107.&nbsp;<\/p>\n\n\n\n<p><strong>Bogdanovi\u0107: Pobjeda nad mafijom<\/strong><\/p>\n\n\n\n<p>Poslanik Demokratske Crne Gore Boris Bogdanovi\u0107 kazao je kako gra\u0111ani u izvje\u0161taju o radu tu\u017eila\u0161tva ne vide samo procente ve\u0107 pobjedu nad mafijom.<\/p>\n\n\n\n<p>&#8222;To je moralna pobjeda nad onima koji su decenijama mislili da je Crna Gora njihovo privatno vlasni\u0161tvo i njihov duboki d\u017eep&#8220;, istakao je on.<\/p>\n\n\n\n<p>Kazao je kako su zatekli dr\u017eavu &#8222;sa dva najve\u0107a kriminalna klana na Balkanu, u kojoj su \u0161efovi mafije bili direktori policije i ANB-a, tu\u017eioci, \u010delnici sudova i vi\u0161e zvani\u010dnika Vlada&#8220;.<\/p>\n\n\n\n<p><strong>Kne\u017eevi\u0107: Gori ste od Ivice Stankovi\u0107a, Mandi\u0107 kriv \u0161to ste VDT<\/strong><\/p>\n\n\n\n<p>Poslanik i lider DNP-a Milan Kne\u017eevi\u0107 poru\u010dio je kako tu\u017eila\u0161tvo \u017eeli da postane \u010detvrta grana vlasti, te da je &#8222;duh Milivoja Katni\u0107a u\u0161ao i u tu\u017eila\u0161tvo i u Markovi\u0107a&#8220;.<\/p>\n\n\n\n<p><img decoding=\"async\" width=\"100%\" alt=\"Kne\u017eevi\u0107\" src=\"https:\/\/rtcg.me\/upload\/\/media\/2025\/9\/23\/17\/37\/3\/2307702\/resize\/2307705\/1761234051-image007-i_1920x1280_600x900\" title=\"\"><em>Kne\u017eevi\u0107 (Foto: Skup\u0161tina Crne Gore)<\/em><\/p>\n\n\n\n<p>&#8222;Nepogre\u0161ivo idete njegovim stopama, po\u0161tenije bi bilo da dovedemo Katni\u0107a da nastavi gdje je stao sa ovom farsom&#8220;, dodao je Kne\u017eevi\u0107.<\/p>\n\n\n\n<p>Kazao je kako bi, da je na Markovi\u0107evom mjestu, na kraju dana\u0161njeg izlaganja podnio ostavku samo zbog slu\u010daja Telekom.<\/p>\n\n\n\n<p>Kne\u017eevi\u0107 je rekao da u transkriptima razgovora Vesne Medenice i Tatjane Begovi\u0107 pi\u0161e da slu\u010daj &#8222;Telekom&#8220; mora do\u0107i na dnevni red, te da je to izneseno kao dokaz u slu\u010daju protiv Medenice.<\/p>\n\n\n\n<p>&#8222;Milo \u0110ukanovi\u0107 se proljep\u0161ao otkad ste vi u tu\u017eila\u0161tvu. On se podmladio, a mene dijete zove &#8216;deda'&#8220;, istakao je.<\/p>\n\n\n\n<p>Iznio je potom optu\u017ebe na ra\u010dun vi\u0161e tu\u017eilaca.<\/p>\n\n\n\n<p>&#8222;Njima su \u010dlanovi klanova pla\u0107ali svadbe, ro\u0111endane, kupovali stanove&#8230; Osta\u0107ete bez pola tu\u017eila\u0161tva. I vi se obra\u010dunavate sa nama tako \u0161to tra\u017eite dobrovoljce po SDT-u da potpi\u0161u \u017ealbu na presudu povodom &#8216;dr\u017eavnog udara&#8220;, dodao je.<\/p>\n\n\n\n<p>Markovi\u0107, naglasio je, ne smije da krene ni na Katni\u0107a, ni na \u010ca\u0111enovi\u0107a, ni na Zorana Pa\u017eina.<\/p>\n\n\n\n<p>Kne\u017eevi\u0107 je kazao kako je najve\u0107i krivac \u0161to je Markovi\u0107 VDT &#8211; Andrija Mandi\u0107.<\/p>\n\n\n\n<p>&#8222;Da nije bilo njega i onih politi\u010dkih razgovora nikad ne biste bili VDT. A ja sam mu rekao &#8211; Andrija pravi\u0161 gre\u0161ku, taj ne mo\u017ee biti VDT, jer on nema skoposti da se uhvati sa \u0110ukanovi\u0107em. I bio sam u pravu. Vi ste gori VDT od Ivice Stankovi\u0107a, jer je on imao znanje, a vi ga nemate&#8220;, dodao je.<\/p>\n\n\n\n<p>Poru\u010dio je i kako \u0107e koalicija ZBCG biti protiv izvje\u0161taja, te da je Crnoj Gori potreban novi vrhovni dr\u017eavni tu\u017eilac, koji \u0107e se baviti ozbiljnim predmetima, a ne onaj koji \u0107e utvr\u0111ivati &#8222;da li je ma\u010dka prega\u017eena na Koniku ili na Starom aerodromu&#8220;.<\/p>\n\n\n\n<p><strong>Nikoli\u0107: Tu\u017eila\u0161tvo arbitrira u politi\u010dkim procesima<\/strong><\/p>\n\n\n\n<p>Poslanik DPS-a Andrija Nikoli\u0107 naglasio je kako izvje\u0161taj o radu tu\u017eila\u0161tva nema podr\u0161ku 41 poslanika, \u0161to predstavlja delegitimizaciju njihovog rada.<\/p>\n\n\n\n<p><img decoding=\"async\" width=\"100%\" alt=\"Nikoli\u0107\" src=\"https:\/\/rtcg.me\/upload\/\/media\/2025\/9\/23\/17\/15\/367\/2307696\/resize\/2307699\/1761234050-image009-i_1920x1280_600x900\" title=\"\"><em>Nikoli\u0107 (Foto: Skup\u0161tina Crne Gore)<\/em><\/p>\n\n\n\n<p>&#8222;Mislimo da tu\u017eila\u010dka organizacija vaga i da djelovanje pode\u0161ava u odnosu na aktuelni politi\u010dki kontekst. A to zna\u010di da je tu\u017eila\u0161tvo sebi nelegalno i nelegitimno sebi pribavilo odre\u0111eni uticaj na politi\u010dke procese u dr\u017eavi. Mislim da bi bilo korektno da je ovdje danas sa Vama Vladimir Novovi\u0107&#8220;, dodao je on.<\/p>\n\n\n\n<p>Naglasio je kako postoji selektivnost u radu tu\u017eila\u0161tva i pitao za\u0161to se neki predmeti favorizuju u odnosu na opoziciju, a nema aktivnih u odnosu na ve\u0107inu.<\/p>\n\n\n\n<p>&#8222;Put Meljine &#8211; Petijevi\u0107i, tada je nastala \u0161teta od \u010detiri miliona. Jeste li saslu\u0161avali Spaji\u0107a zbog toga? Nemamo informaciju. Ne zna se ni\u0161ta ni o tajnom zadu\u017eenju od 750 miliona eura, ni o nabavci trajekta bez javnog tendera uz cijenu ve\u0107u od realne vrijednosti. Gdje je Vesna Brati\u0107? \u0160teta po bud\u017eet &#8211; pola miliona. \u0160ta je sa kupovinom \u017deljezare? Je li neko preispitao komunikaciju sa Sky-a uo\u010di avgustovskih izbora, u kojoj je govoreno o nabavci kala\u0161njikova? Tu se pominje i brat jednog sve\u0161tenika. \u0160ta je sa izvje\u0161tajima DRI&#8220;, pitao je Nikoli\u0107.<\/p>\n\n\n\n<p>Pitao je Markovi\u0107a da li je neko ispitao \u0161ta je sa nezakonitim zadu\u017eenjem Op\u0161tine Nik\u0161i\u0107, zloupotrebama u Montefarmu, izbornim pravima, izborima u \u0160avniku, slu\u010dajem poku\u0161aja ubistva Danila Mandi\u0107a i prekvalifikacijom krivi\u010dnog djela u kra\u0111a skup\u0161tinskog automobila.<\/p>\n\n\n\n<p>On je rekao da su tu\u017eioci i sudije sigurno ugro\u017eeni zbog borbi koje tu\u017eila\u0161tvo vodi. On je naveo i da DPS podr\u017eava borbu protiv organiizovanog kriminala i korupcije.&nbsp;<\/p>\n\n\n\n<p>&#8222;A \u0161ta se de\u0161ava kad iz parlamentarne ve\u0107ine ka\u017eu da je DPS krilo mafije i da Andrija Nikoli\u0107 \u0161titi mafiju: da li tako neko crta metu Andriji i njegovoj djeci i bilo kome ovdje&#8220;, kazao je on.&nbsp;<\/p>\n\n\n\n<p>On je naveo da je Crna Gora mala.&nbsp;<\/p>\n\n\n\n<p>&#8222;Ja sam bio na sahrani Branislavu Mi\u0107unovi\u0107u. Vidio sam naslov u medijima &#8222;Vrh DPS-a na sau\u010de\u0161\u0107u Mi\u0107unovi\u0107u&#8220;, a ja sam kom\u0161ija i znam se sa tom porodicom cijeli \u017eivot. Postoje neke tradicije, norme, obi\u010daji i ljudskii odnos u te\u0161kim momentima. Neko je pomenuo ovdje Daku Davidovi\u0107a. Njegov sin je moj li\u010dni prijatelj i to je moj do\u017eivljaj prema toj porodici, nezavisno od toga kakav je odnos prema politici i politi\u010dkoj stvarnosti&#8220;, rekao je Nikoli\u0107 i dodao da se ne kreira dobra atmosfera u zemlji.&nbsp;<\/p>\n\n\n\n<p><strong>Lakovi\u0107: PES \u0107e podr\u017eati izvje\u0161taj<\/strong><\/p>\n\n\n\n<p>Poslanik PES-a Miodrag Lakovi\u0107 kazao je kako da \u0107e ta stranka podr\u017eati izvje\u0161taj.<\/p>\n\n\n\n<p>Istakao je da smatra da nije interes javnosti da se prikazuju privatne prepiske gdje neko tra\u017ei sponzorstvo.<\/p>\n\n\n\n<p>&#8222;To nije interes javnosti da zna kad nije u pitanju krivi\u010dno djelo&#8220;, rekao je on.<\/p>\n\n\n\n<p><strong>\u010carapi\u0107: Moramo stati iza izvje\u0161taja iako ima&nbsp; prostora za unapre\u0111enje<\/strong><\/p>\n\n\n\n<p>Poslanik PES-a Vasilije \u010carapi\u0107 rekao je da tu\u017eila\u0161tvo ne radi u interesu bilo koje partije, te da se otkriva da je dr\u017eava bila pod kontrolom mra\u010dnih struktura.<\/p>\n\n\n\n<p>&#8222;I zbog toga primarno moramo stati iza ovog izvje\u0161taja, iako smatram da ima prostora za unapre\u0111enje i za kritiku&#8220;, naglasio je \u010carapi\u0107.&nbsp;<\/p>\n\n\n\n<p><strong>Mandi\u0107: Te\u0161ko sam pogrije\u0161io izborom Markovi\u0107a, nastavio je rad Katni\u0107a<\/strong><\/p>\n\n\n\n<p>Predsjednik Skup\u0161tine Andrija Mandi\u0107 (NSD) izjavio je da je pogrije\u0161io kada je podr\u017eao izbor Markovi\u0107a za vrhovnog dr\u017eavnog tu\u017eioca.<\/p>\n\n\n\n<p><img decoding=\"async\" width=\"100%\" alt=\"Mandi\u0107\" src=\"https:\/\/rtcg.me\/upload\/\/media\/2025\/9\/23\/18\/18\/345\/2307846\/resize\/2307849\/1761234050-image008-i_1920x1280_600x900\" title=\"\"><em>Mandi\u0107 (Foto: Skup\u0161tina Crne Gore)<\/em><\/p>\n\n\n\n<p>&#8222;\u017delim da se izvinim poslanicima DNP-a i NSD-a. Kad je Markovi\u0107 bio kod Spaji\u0107a, prije nego \u0161to smo glasali o VDT, kad smo ga ispratili &#8211; ja sam prelomio da on bude izabran. Te\u0161ko sam pogrije\u0161io&#8220;, dodao je on.<\/p>\n\n\n\n<p>Istakao je kako bi Markovi\u0107 trebalo da podnese ostavku.<\/p>\n\n\n\n<p>&#8222;Bilo bi po\u0161teno da ponese ostavku. Podr\u017eao sam ga jer osje\u0107am po\u0161tovanje prema njegovom ocu. Na\u017ealost on nije ispunio o\u010dekivanja. Potpuno razumijem \u0161to Novovi\u0107 nije ovdje i \u0161to je poslao gospodina Turkovi\u0107a. On je izveo vi\u0161e hrabrih akcija, rizikuje i svoju i glavu porodice, a Markovi\u0107 nije izveo nijednu osim \u0161to jee nastavio da radi ono \u0161to je radio Milivoje Katni\u0107&#8220;, rekao je Mandi\u0107.<\/p>\n\n\n\n<p>Ka\u017ee kako ga je Spaji\u0107 iznenadio.<\/p>\n\n\n\n<p>&#8222;Pet krivi\u010dnih prijava stoji u ladicama. Nijedna nije odba\u010dena. A odbacuju se protiv ljudi iz DPS-a. I danas ljudi iz PES-a podr\u017eavaju izvje\u0161taj. Znate li vi kako \u0107e to da izgleda u javnosti, u o\u010dima gra\u0111ana&#8220;, naveo je on.<\/p>\n\n\n\n<p>Istakao je da treba promijeniti Zakon o dr\u017eavnom tu\u017eila\u0161tvu.&nbsp;&nbsp;<\/p>\n\n\n\n<p>Osvrnuo se i na svog sinovca&nbsp;Danila Mandi\u0107a i kazao da je on doobar momak koji nije \u0161vercer droge.&nbsp;<\/p>\n\n\n\n<p>&#8222;Niko nije rekao da je on pucao na njega niti da je ukrao automobil predsjednika parlamenta&#8220;, kazao je Mandi\u0107.&nbsp;<\/p>\n\n\n\n<p>&#8222;O\u010dekivao sam da \u0107ete vi uspjeti ne\u0161to da uradite oko Mila \u0110ukanvi\u0106a, Aca \u0110ukanovi\u0107a, Branimira Gvouzdenovi\u0107a. Vi niste uradili ni\u0161ta. Ne smijete ni\u0161ta da progovorite, a ovamo se bavite ma\u010dkama i ne znam \u010dime\u201d, kazao je on.<\/p>\n\n\n\n<p>On je pozvao poslanike DPS-a da progovore o tome koliko im je koji tu\u017eilac obezbijedio sigurnih glasova.&nbsp;<\/p>\n\n\n\n<p>Poslanik Andrija Nikoli\u0107 je istakao da je Mandi\u0107 kazao &#8222;vrhovnom dr\u017eavnom tu\u017eiocu da je politi\u010dki izabran&#8220; \u0161to ukazuje da se &#8222;desila politi\u010dka trgovina&#8220; i poru\u010dio predsjedavaju\u0107em Nikoli Camaju da je nakon toga morao prekinuti izlaganje.<\/p>\n\n\n\n<p><strong>\u010carapi\u0107:&nbsp;Biti meta ne\u010dasnika, po\u0161tenim ljudima treba da bude orden \u010dasti<\/strong><\/p>\n\n\n\n<p>Poslanik \u010carapi\u0107 je poru\u010dio da se u PES-u &#8222;ne boje da \u0107e biti procesuirani&#8220; i da su optu\u017ebe Zorana Jeli\u0107a i ostalih na njihov ra\u010dun &#8222;bed\u017eevi \u010dasti&#8220;.<\/p>\n\n\n\n<p>&#8222;Biti meta ne\u010dasnika, po\u0161tenim ljudima treba da bude orden \u010dasti&#8220;, kazao je on,&nbsp;<\/p>\n\n\n\n<p>On je pozvao tu\u017eila\u0161tvo da &#8222;stave kao prioritet&#8220; slu\u010dajeve protiv funkcionera PES-a.<\/p>\n\n\n\n<p>&#8222;A onda se fokusirajte na one koji su ovu dr\u017eavu doveli zamalo u bezdan&#8220;, rekao je on.&nbsp;<\/p>\n\n\n\n<p>Mandi\u0107 je odgovorio da ne sumnja u \u010dast poslanika PESa i premijera, ali da u tu\u017eila\u0161tvu u ladicama stoje neki slu\u010dajevi.&nbsp;<\/p>\n\n\n\n<p>Lakovi\u0107 je kazao da &#8222;koalicioni sporazum ne daje legitimitet Mandi\u0107u da komentari\u0161e za \u0161ta \u0107e glasati poslanici PES-a&#8220;.<\/p>\n\n\n\n<p><strong>Markovi\u0107: Ne\u0107u podnijeti ostavku<\/strong><\/p>\n\n\n\n<p>VDT Miilorad Markovi\u0107 je kazao da ne\u0107e podnijeti ostavku.&nbsp;<\/p>\n\n\n\n<p>&#8222;Prvo da razjasnimo VDT ne postupa u konkretnim predmetima. VDT nema sto i fioke niti predmete koje mo\u017ee da stoji u tim fiokama. Gro predmeta koje pominjete stoji u fiokama SDT-a&#8220;, kazao je on.<\/p>\n\n\n\n<p>Kazao je da jeste politi\u010di izabran jer su ga birali poslanici.&nbsp;<\/p>\n\n\n\n<p>&#8222;Ja ne\u0107u podnijeti ostavku. Znate za\u0161to? Ne zato \u0161to u\u017eivam na ovoj poziciji, ne zato da slu\u0161am sve i sva\u0161ta u ovoj sali, ne da neko proziva mog pokojnog oca ovdje. Ja ovdje ne\u0107u podnijeti ostavku zato \u0161to je tu\u017eila\u0161tvo sa mnom na \u010delu samostalno, nezavisno i ja bih odustao od mog klju\u010dnog cilja koji je osnov da Crna Gora u\u0111e u EU. U tu\u017eila\u0161tvu se postupa u mjeri mogu\u0107eg. Mi \u017eivimo kulturu o\u010dekivanja, da ja za godinu i 8 mjeseci u potpunosti promijenim sve nedostatke u tu\u017eila\u0161tvu, a da se u odre\u0111enim predmetima postupa, a u odre\u0111enim ne. Tu\u017eila\u0161tvo ne\u0107e postupati u skladu sa bilo \u010dijim o\u010dekivanjima&#8220;, kazao je on.&nbsp;<\/p>\n\n\n\n<p>Istakao je da je danas u parlamentu \u010duo mnogo neistina na ra\u010dun njega li\u010dno i na kolege iz tu\u017eila\u0161tva, te da je na njega izvr\u0161en pritisak.&nbsp;<\/p>\n\n\n\n<p>&#8222;Sigurno je da se ja ne\u0107u promijeniti uprkos tendenciji da se uti\u010de na tu\u017eila\u0161tvo.. Pokrenite proceduru da smiijenite VDT-a, izvolite. Ovaj VDT se ne\u0107e promijeniti niti druga\u010dije postupati ,jer ovom VDT-u je obraz bitniji od fotelje i bilo \u010dega&#8220;, zaklju\u010dio je Markovi\u0107.&nbsp;&nbsp;<\/p>\n\n\n\n<figure class=\"wp-block-embed is-type-wp-embed is-provider-gradski-portal wp-block-embed-gradski-portal\"><div class=\"wp-block-embed__wrapper\">\n<blockquote class=\"wp-embedded-content\" data-secret=\"XyJrxVAFFG\"><a href=\"https:\/\/gradski.me\/en\/markovic-utvrdjivanje-krivicne-odgovornosti-stvar-tuzilastva-a-ne-poslanika\/\">Odbor za pravosu\u0111e odbio izvje\u0161taj tu\u017eila\u0161tva a prihvatio izvje\u0161taj o radu sudstva<\/a><\/blockquote><iframe class=\"wp-embedded-content\" sandbox=\"allow-scripts\" security=\"restricted\" style=\"position: absolute; visibility: hidden;\" title=\"&#8220;Odbor za pravosu\u0111e odbio izvje\u0161taj tu\u017eila\u0161tva a prihvatio izvje\u0161taj o radu sudstva&#8221; &#8212; Gradski portal\" src=\"https:\/\/gradski.me\/markovic-utvrdjivanje-krivicne-odgovornosti-stvar-tuzilastva-a-ne-poslanika\/embed\/#?secret=6nE2GGyMRZ#?secret=XyJrxVAFFG\" data-secret=\"XyJrxVAFFG\" width=\"600\" height=\"338\" frameborder=\"0\" marginwidth=\"0\" marginheight=\"0\" scrolling=\"no\"><\/iframe>\n<\/div><\/figure>","protected":false},"excerpt":{"rendered":"<p>Skup\u0161tina je zavr\u0161ila raspravu o izvje\u0161taju o radu Tu\u017eila\u010dkog savjeta i Dr\u017eavnog tu\u017eila\u0161tva za pro\u0161lu godinu, a poslanici \u0107e se izjasniti naknadno u ponedjeljak. Raspravu je obilje\u017eila izjava predsjednika Skup\u0161tine Andrije Mandi\u0107a koji je rekao da se kaje \u0161to je presudio da Milorad Markovi\u0107 bude izabran za VDT-a i pozvao ga da podnese ostavku. Markovi\u0107 mu je odgovorio da to ne\u0107e u\u010diniti jer dok je on na \u010delu, tu\u017eila\u0161tvo je nezavisno i ne radi ni za \u010diji interes.<\/p>","protected":false},"author":1,"featured_media":857185,"comment_status":"open","ping_status":"open","sticky":false,"template":"","format":"standard","meta":{"_acf_changed":false,"footnotes":"","jetpack_publicize_message":"","jetpack_publicize_feature_enabled":true,"jetpack_social_post_already_shared":false,"jetpack_social_options":{"image_generator_settings":{"template":"highway","default_image_id":0,"font":"","enabled":false},"version":2}},"categories":[7],"tags":[5129,451,447],"naslovna":[],"class_list":["post-857245","post","type-post","status-publish","format-standard","has-post-thumbnail","hentry","category-politika","tag-milorad-markovic","tag-skupstina","tag-vdt"],"acf":[],"jetpack_publicize_connections":[],"_links":{"self":[{"href":"https:\/\/gradski.me\/en\/wp-json\/wp\/v2\/posts\/857245","targetHints":{"allow":["GET"]}}],"collection":[{"href":"https:\/\/gradski.me\/en\/wp-json\/wp\/v2\/posts"}],"about":[{"href":"https:\/\/gradski.me\/en\/wp-json\/wp\/v2\/types\/post"}],"author":[{"embeddable":true,"href":"https:\/\/gradski.me\/en\/wp-json\/wp\/v2\/users\/1"}],"replies":[{"embeddable":true,"href":"https:\/\/gradski.me\/en\/wp-json\/wp\/v2\/comments?post=857245"}],"version-history":[{"count":0,"href":"https:\/\/gradski.me\/en\/wp-json\/wp\/v2\/posts\/857245\/revisions"}],"wp:featuredmedia":[{"embeddable":true,"href":"https:\/\/gradski.me\/en\/wp-json\/wp\/v2\/media\/857185"}],"wp:attachment":[{"href":"https:\/\/gradski.me\/en\/wp-json\/wp\/v2\/media?parent=857245"}],"wp:term":[{"taxonomy":"category","embeddable":true,"href":"https:\/\/gradski.me\/en\/wp-json\/wp\/v2\/categories?post=857245"},{"taxonomy":"post_tag","embeddable":true,"href":"https:\/\/gradski.me\/en\/wp-json\/wp\/v2\/tags?post=857245"},{"taxonomy":"naslovna","embeddable":true,"href":"https:\/\/gradski.me\/en\/wp-json\/wp\/v2\/naslovna?post=857245"}],"curies":[{"name":"wp","href":"https:\/\/api.w.org\/{rel}","templated":true}]}}