{"id":857115,"date":"2025-10-23T15:29:00","date_gmt":"2025-10-23T13:29:00","guid":{"rendered":"https:\/\/gradski.me\/?p=857115"},"modified":"2025-10-23T15:29:00","modified_gmt":"2025-10-23T13:29:00","slug":"janjevic-rezultat-je-previsok-imamo-pravo-da-se-nadamo-u-revansu","status":"publish","type":"post","link":"https:\/\/gradski.me\/en\/sport\/janjevic-rezultat-je-previsok-imamo-pravo-da-se-nadamo-u-revansu\/","title":{"rendered":"Janjevi\u0107: Rezultat je previsok, imamo pravo da se nadamo  u revan\u0161u"},"content":{"rendered":"<p>Trener &#8222;plavih&#8220; Marko Janjevi\u0107 istakao je nakon me\u010da da je rezultat previsok. <\/p>\n\n\n\n<p>\u201eMislim da smo odigrali jednu dobru i borbenu utakmicu, imali smo svoje prilike iz kontranapada, ali ih nijesmo iskoristili. Iskreno, rezultat 3:0 je previsok i nezadovoljni smo sa tim rezultatom, jer opet ponavljam: imali smo izgledne \u0161anse za postizanje gola protiv odli\u010dne ekipe kakva je Midtjiland&#8220;, kazao je Janjevi\u0107. <\/p>\n\n\n\n<p>Revan\u0161 je petog novembra &#8222;pod Goricom&#8220;. Janjevi\u0107 vjeruje da ekipa mo\u017ee do iznena\u0111enja. <\/p>\n\n\n\n<p>&#8222;Smatram da u revan\u0161u imamo pravo da se nadamo da mo\u017eemo do pozitivnog rezultata, a siguran sam da \u0107e igra\u010di dati sve od sebe da to bude tako&#8220;, zaklju\u010dio je \u0161ef struke Podgori\u010dana. <\/p>","protected":false},"excerpt":{"rendered":"<p>Omladinci Budu\u0107nosti pora\u017eeni su od Midtjilanda u gostima (3:0) u prvom me\u010du drugog kola kvalifikacija za elitno takmi\u010denje, pa je jasno ih u revan\u0161u \u010deka vra\u0161ki te\u017eak zadatak. <\/p>","protected":false},"author":1,"featured_media":855572,"comment_status":"open","ping_status":"open","sticky":false,"template":"","format":"standard","meta":{"_acf_changed":false,"footnotes":"","jetpack_publicize_message":"","jetpack_publicize_feature_enabled":true,"jetpack_social_post_already_shared":false,"jetpack_social_options":{"image_generator_settings":{"template":"highway","default_image_id":0,"font":"","enabled":false},"version":2}},"categories":[15],"tags":[171,10317,10377,1756],"naslovna":[],"class_list":["post-857115","post","type-post","status-publish","format-standard","has-post-thumbnail","hentry","category-sport","tag-fk-buducnost","tag-marko-janjevic","tag-midtjiland","tag-omladinci"],"acf":[],"jetpack_publicize_connections":[],"_links":{"self":[{"href":"https:\/\/gradski.me\/en\/wp-json\/wp\/v2\/posts\/857115","targetHints":{"allow":["GET"]}}],"collection":[{"href":"https:\/\/gradski.me\/en\/wp-json\/wp\/v2\/posts"}],"about":[{"href":"https:\/\/gradski.me\/en\/wp-json\/wp\/v2\/types\/post"}],"author":[{"embeddable":true,"href":"https:\/\/gradski.me\/en\/wp-json\/wp\/v2\/users\/1"}],"replies":[{"embeddable":true,"href":"https:\/\/gradski.me\/en\/wp-json\/wp\/v2\/comments?post=857115"}],"version-history":[{"count":0,"href":"https:\/\/gradski.me\/en\/wp-json\/wp\/v2\/posts\/857115\/revisions"}],"wp:featuredmedia":[{"embeddable":true,"href":"https:\/\/gradski.me\/en\/wp-json\/wp\/v2\/media\/855572"}],"wp:attachment":[{"href":"https:\/\/gradski.me\/en\/wp-json\/wp\/v2\/media?parent=857115"}],"wp:term":[{"taxonomy":"category","embeddable":true,"href":"https:\/\/gradski.me\/en\/wp-json\/wp\/v2\/categories?post=857115"},{"taxonomy":"post_tag","embeddable":true,"href":"https:\/\/gradski.me\/en\/wp-json\/wp\/v2\/tags?post=857115"},{"taxonomy":"naslovna","embeddable":true,"href":"https:\/\/gradski.me\/en\/wp-json\/wp\/v2\/naslovna?post=857115"}],"curies":[{"name":"wp","href":"https:\/\/api.w.org\/{rel}","templated":true}]}}