{"id":857053,"date":"2025-10-23T15:07:00","date_gmt":"2025-10-23T13:07:00","guid":{"rendered":"https:\/\/gradski.me\/?p=857053"},"modified":"2025-10-23T15:07:00","modified_gmt":"2025-10-23T13:07:00","slug":"pet-nagrada-za-czk-tivat-na-34-danima-zorana-radmilovica-u-zajecaru","status":"publish","type":"post","link":"https:\/\/gradski.me\/en\/kultura\/pet-nagrada-za-czk-tivat-na-34-danima-zorana-radmilovica-u-zajecaru\/","title":{"rendered":"Pet nagrada za CZK Tivat na 34. danima Zorana Radmilovi\u0107a u Zaje\u010daru"},"content":{"rendered":"<p><\/p>\n\n\n\n<p>Osvojena je nagrada publike za najbolju predstavu sa prosje\u010dnom ocjenom 9,47. Istu ocjenu publike dobila je predstava \u201cUna\u201d Zvezdara teatra iz Beograda.<\/p>\n\n\n\n<p>Stru\u010dni \u017eiri u sastavu dr <strong>Miroslav Radonji\u0107<\/strong>, predsjednik, dr<strong> Du\u0161ko Lju\u0161tina<\/strong>, \u010dlan i<strong> Irfan Mensur<\/strong>, \u010dlan jednoglasno je dodijelio predstavi Contra Mundum Nagradu za vizuelni identitet \u201eKrstomir\u00a0Milovanovi\u0107\u201c uz obrazlo\u017eenje:<\/p>\n\n\n\n<p>\u201cZa\u010dudna, efektna i dinami\u010dna scenografija <strong>Svena<\/strong> i <strong>Ivane Jonke<\/strong>, u celini, ali i u najsitnijim detaljima, zajedno sa duhovitim, likovno perfektnim kostimima <strong>Marije Markovi\u0107 Milojev<\/strong> i upe\u010datljivim dizajnom svetla, u savr\u0161enom skladu sa rediteljskom idejom, otelotvorili su gotovo nadrealnu atmosferu predstave.\u201d<\/p>\n\n\n\n<p>Novinarski \u017eiri u sastavu <strong>Tatjana Nje\u017ei\u0107<\/strong>, predsjednik, <strong>Borka Golubovi\u0107 Trebje\u0161anin<\/strong>, \u010dlan i <strong>Olivera Milo\u0161evi\u0107<\/strong>, \u010dlan, jednoglasno je dodijelio Specijalno priznanje <strong>Ozrenu Grabari\u0107u<\/strong> i predstavi\u00a0\u201eContra\u00a0Mundum\u201c:<\/p>\n\n\n\n<p>\u201cBravurozna, hrabra, ma\u0161tovita, impresivna predstava koja je zapravo vi\u0161e od predstave, od pozori\u0161nog iskora\u043a\u0430 pa na dalje. Inspirativnom re\u017eijom i maestralnom izvedbom Ozrena Grabari\u0107a kroz uzbudljivo sazdanu scensku pripovest o slikarskom geniju Salvadora Dalija \u201eContra Mundum\u201c pred publiku donosi, izme\u0111u ostalog, tako pitku a tako duboku, slojevitu vivisekciju odnosa stvaraoca i tzv. realnosti, lice i nali\u010dje (ne)mogu\u0107eg sudara sa svakovrsnim normama, slutnju same su\u0161tine umetnosti kao zapravo najve\u0107eg \u010dovekovog postignu\u0107a\u2026 A kroz sve to odjekuje i pitanje nismo li se, gledaju\u0107i je, na\u0161li o\u010di u o\u010di sa proro\u010dkom, zloslutnom slikom sveta, kome \u2013 priznali ili ne \u2013 i sami doprinosimo da bude takav kakav je.\u201d<\/p>\n\n\n\n<p>Pored ovih priznanja, Ozren Grabari\u0107 je dobio i nagradu \u201eZoranov brk\u201c za glumca ve\u010deri.<br>Prethodne ve\u010deri, u predstavi \u201eU\u0107utkivanje Sokrata\u201c, nagradu za glumca ve\u010deri osvojio je Bojan Dimitrijevi\u0107.<\/p>","protected":false},"excerpt":{"rendered":"<p>Predstava \u201eContra Mundum\u201c, inspirisana autobiografijom \u201eTajni \u017eivot Salvadora Dalija\u201c, u re\u017eiji Veljka Mi\u0107unovi\u0107a i u produkciji Centra za kulturu Tivat, ostvarila je izuzetan uspjeh na 34. Festivalu \u201eDani Zorana Radmilovi\u0107a\u201c u Zaje\u010daru, saop\u0161teno je iz CZK-a.<\/p>","protected":false},"author":1,"featured_media":857058,"comment_status":"open","ping_status":"open","sticky":false,"template":"","format":"standard","meta":{"_acf_changed":false,"footnotes":"","jetpack_publicize_message":"","jetpack_publicize_feature_enabled":true,"jetpack_social_post_already_shared":false,"jetpack_social_options":{"image_generator_settings":{"template":"highway","default_image_id":0,"font":"","enabled":false},"version":2}},"categories":[11],"tags":[10565,2248,10566,10287,10567],"naslovna":[],"class_list":["post-857053","post","type-post","status-publish","format-standard","has-post-thumbnail","hentry","category-kultura","tag-34-dani","tag-czk-tivat","tag-pet-nagrada","tag-zajecar","tag-zoran-radmilovic"],"acf":[],"jetpack_publicize_connections":[],"_links":{"self":[{"href":"https:\/\/gradski.me\/en\/wp-json\/wp\/v2\/posts\/857053","targetHints":{"allow":["GET"]}}],"collection":[{"href":"https:\/\/gradski.me\/en\/wp-json\/wp\/v2\/posts"}],"about":[{"href":"https:\/\/gradski.me\/en\/wp-json\/wp\/v2\/types\/post"}],"author":[{"embeddable":true,"href":"https:\/\/gradski.me\/en\/wp-json\/wp\/v2\/users\/1"}],"replies":[{"embeddable":true,"href":"https:\/\/gradski.me\/en\/wp-json\/wp\/v2\/comments?post=857053"}],"version-history":[{"count":0,"href":"https:\/\/gradski.me\/en\/wp-json\/wp\/v2\/posts\/857053\/revisions"}],"wp:featuredmedia":[{"embeddable":true,"href":"https:\/\/gradski.me\/en\/wp-json\/wp\/v2\/media\/857058"}],"wp:attachment":[{"href":"https:\/\/gradski.me\/en\/wp-json\/wp\/v2\/media?parent=857053"}],"wp:term":[{"taxonomy":"category","embeddable":true,"href":"https:\/\/gradski.me\/en\/wp-json\/wp\/v2\/categories?post=857053"},{"taxonomy":"post_tag","embeddable":true,"href":"https:\/\/gradski.me\/en\/wp-json\/wp\/v2\/tags?post=857053"},{"taxonomy":"naslovna","embeddable":true,"href":"https:\/\/gradski.me\/en\/wp-json\/wp\/v2\/naslovna?post=857053"}],"curies":[{"name":"wp","href":"https:\/\/api.w.org\/{rel}","templated":true}]}}