{"id":854507,"date":"2025-10-19T18:10:00","date_gmt":"2025-10-19T16:10:00","guid":{"rendered":"https:\/\/gradski.me\/?p=854507"},"modified":"2025-10-19T18:10:00","modified_gmt":"2025-10-19T16:10:00","slug":"eliminisani-jelusic-i-mukovic","status":"publish","type":"post","link":"https:\/\/gradski.me\/en\/sport\/eliminisani-jelusic-i-mukovic\/","title":{"rendered":"Eliminisani Jelu\u0161i\u0107 i Mukovi\u0107"},"content":{"rendered":"<p><strong>Slobodana Jelu\u0161i\u0107a&nbsp;<\/strong>je u osmini finala kategorije do 42 kg savladao Izraelac&nbsp;<strong>Arkan Zoubi<\/strong>, dok je bolji od&nbsp;<strong>Tarik<\/strong><strong>a<\/strong><strong>&nbsp;Mukovi\u0107<\/strong><strong>a<\/strong>&nbsp;u kategoriji do 60 kg bio Slovenac&nbsp;<strong>Maik Stojni\u0107<\/strong><strong>.<\/strong><\/p>\n\n\n\n<p>Jelu\u0161i\u0107 je pru\u017eio sna\u017ean otpor Izraelcu i u sve tri runde je dobio prednost kod sudije iz Turske, dok su preostala \u010detvorica djelilaca pravde &#8211; iz Njema\u010dke, Estonije, Gruzije i Bugarske bodovale za Zoubija. Za razliku od Jelu\u0161i\u0107a, Mukovi\u0107 je izgubio jednoglasnom odlukom sudija.<\/p>\n\n\n\n<p>Dvojica crnogorskih reprezentativaca \u0107e u ring u ponedjeljak, i to obojica protiv boksera iz Letonije &#8211;&nbsp;<strong>Nikol<\/strong><strong>a<\/strong><strong>&nbsp;Ili\u0107<\/strong>&nbsp;\u0107e se za \u010detvrtfinale kategorije do 54 kg boriti protiv&nbsp;<strong>Rodriga Pravsa<\/strong>&nbsp;a&nbsp;<strong>Ivan&nbsp;<\/strong><strong>Tijani\u0107<\/strong>&nbsp;u osmini do 57 kg protiv&nbsp;<strong>Prohorsa Grisuninsa<\/strong><strong>.<\/strong><\/p>\n\n\n\n<p>Ukoliko savlada Pravsa, rival Ili\u0107u u \u010detvrtfinalu bi\u0107e uspje\u0161niji iz borbe izme\u0111u Litvanca&nbsp;<strong>Karola Mihalkievisa<\/strong>&nbsp;i Italijana&nbsp;<strong>Rosarija Simonea<\/strong>, dok \u0107e Tijani\u0107 u slu\u010daju pobjede na putu ka polufinalu za rivala imati pobjednika borbe izme\u0111u Ukrajinca&nbsp;<strong>Marka Fanijana<\/strong>&nbsp;i Gruzijca&nbsp;<strong>Dima Kvikvinija<\/strong>.<\/p>\n\n\n\n<p>Crnogorska bokserka&nbsp;<strong>Te<\/strong><strong>ofana Milo\u0161evi\u0107<\/strong>&nbsp;\u0107e svoj nastup u Budvi po\u010deti u utorak u \u010detvrtfinalu kategorije do 57 kilograma, u kojem \u0107e se sastati sa Ma\u0111aricom&nbsp;<strong>Lijom Toldi<\/strong>. Ukoliko savladala Ma\u0111aricu, \u010dlanica BK Rad \u0107e se za plasman u finale boriti protiv uspje\u0161nije iz duela izme\u0111u Italijanke<strong>&nbsp;Melise Kavaliere<\/strong>&nbsp;i Rumunke&nbsp;<strong>Andrada Stefanije Duta.<\/strong><\/p>\n\n\n\n<p>Da podsjetimo, prvog dana \u0161ampionata u Budvi svoj nastup su zavr\u0161ili dvoje crnogorskih reprezentativaca &#8211;&nbsp;<strong>Enu Hot&nbsp;<\/strong>je osmini finala kategorije do 54 kg zaustavila \u0160pankinja&nbsp;<strong>Zoe Timon Montero<\/strong><strong>,&nbsp;<\/strong>a&nbsp;<strong>Hajrudin<\/strong><strong>a<\/strong><strong>&nbsp;\u0110ozgi\u0107<\/strong><strong>a<\/strong>&nbsp;do 52 kg, na isti na\u010din, odlukom sudija&nbsp;<strong>Igor Jagiel&nbsp;<\/strong>iz Poljske.<\/p>","protected":false},"excerpt":{"rendered":"<p>Drugog takmi\u010darskog dana na Evropskom prvenstvu u boksu do 15 godina u Budvi, na kojem nastupa blizu 400 takmi\u010dara iz 32 zemlje Starog kontinenta na ring su iza\u0161la dvojica crnogorskih reprezentativaca &#8211;\u00a0Slobodan Jelu\u0161i\u0107 i Tarik Mukovi\u0107\u00a0i obojica su eliminisani u osmini finala.<\/p>","protected":false},"author":1,"featured_media":854510,"comment_status":"open","ping_status":"open","sticky":false,"template":"","format":"standard","meta":{"_acf_changed":false,"footnotes":"","jetpack_publicize_message":"","jetpack_publicize_feature_enabled":true,"jetpack_social_post_already_shared":false,"jetpack_social_options":{"image_generator_settings":{"template":"highway","default_image_id":0,"font":"","enabled":false},"version":2}},"categories":[15],"tags":[194,5571,10117,9662,9663],"naslovna":[],"class_list":["post-854507","post","type-post","status-publish","format-standard","has-post-thumbnail","hentry","category-sport","tag-boks","tag-bscg","tag-evropsko-prvenstvo-u-boksu-do-15-godina-u-budvi","tag-slobodan-jelusic","tag-tarik-mukovic"],"acf":[],"jetpack_publicize_connections":[],"_links":{"self":[{"href":"https:\/\/gradski.me\/en\/wp-json\/wp\/v2\/posts\/854507","targetHints":{"allow":["GET"]}}],"collection":[{"href":"https:\/\/gradski.me\/en\/wp-json\/wp\/v2\/posts"}],"about":[{"href":"https:\/\/gradski.me\/en\/wp-json\/wp\/v2\/types\/post"}],"author":[{"embeddable":true,"href":"https:\/\/gradski.me\/en\/wp-json\/wp\/v2\/users\/1"}],"replies":[{"embeddable":true,"href":"https:\/\/gradski.me\/en\/wp-json\/wp\/v2\/comments?post=854507"}],"version-history":[{"count":0,"href":"https:\/\/gradski.me\/en\/wp-json\/wp\/v2\/posts\/854507\/revisions"}],"wp:featuredmedia":[{"embeddable":true,"href":"https:\/\/gradski.me\/en\/wp-json\/wp\/v2\/media\/854510"}],"wp:attachment":[{"href":"https:\/\/gradski.me\/en\/wp-json\/wp\/v2\/media?parent=854507"}],"wp:term":[{"taxonomy":"category","embeddable":true,"href":"https:\/\/gradski.me\/en\/wp-json\/wp\/v2\/categories?post=854507"},{"taxonomy":"post_tag","embeddable":true,"href":"https:\/\/gradski.me\/en\/wp-json\/wp\/v2\/tags?post=854507"},{"taxonomy":"naslovna","embeddable":true,"href":"https:\/\/gradski.me\/en\/wp-json\/wp\/v2\/naslovna?post=854507"}],"curies":[{"name":"wp","href":"https:\/\/api.w.org\/{rel}","templated":true}]}}