{"id":854421,"date":"2025-10-19T16:39:00","date_gmt":"2025-10-19T14:39:00","guid":{"rendered":"https:\/\/gradski.me\/?p=854421"},"modified":"2025-10-19T16:39:00","modified_gmt":"2025-10-19T14:39:00","slug":"netanjahu-ce-se-ponovo-kandidovati-za-premijera-izraela","status":"publish","type":"post","link":"https:\/\/gradski.me\/en\/svijet\/netanjahu-ce-se-ponovo-kandidovati-za-premijera-izraela\/","title":{"rendered":"Netanyahu to run again for Israeli prime minister"},"content":{"rendered":"<p><\/p>\n\n\n\n<p>Netanjahu, koji je i lider Likuda, najve\u0107e desni\u010darske partije u Izraelu, potvrdno je odgovorio na pitanje novinara izraelske televizije Kanal 14, gdje je gostovao, namjerava li da se ponovo kandiduje.&nbsp;<\/p>\n\n\n\n<p>Netanjahu je kazao da \u0107e se kandidovati za premijera na izborima koji \u0107e biti odr\u017eani u novembru 2026. i da o\u010dekuje pobjedu, prenosi&nbsp;<a href=\"https:\/\/www.france24.com\/en\/video\/20251019-israel-s-netanyahu-says-will-run-again-for-pm-in-2026-elections\" rel=\"noreferrer noopener\" target=\"_blank\">France 24<\/a>.<\/p>\n\n\n\n<p>Netanjahu obavlja funkciju premijera od 1996. godine uz prekide.<\/p>\n\n\n\n<p>Njegov premijerski mandat koji traje vi\u0161e od 18 godina najdu\u017ei je u dosada\u0161njoj istoriji Izraela, prenose<a href=\"https:\/\/www.vijesti.me\/svijet\/globus\/779556\/netanjahu-ce-se-ponovo-kandidovati-za-premijera-izraela\" rel=\"noreferrer noopener\" target=\"_blank\">&nbsp;&#8222;Vijesti&#8220;<\/a>.<\/p>\n\n\n\n<p>Netanjahuov sada\u0161nji mandat po\u010deo je kontroverznim planom reforme pravosu\u0111a koji je izazvao vi\u0161emjese\u010dne masovne proteste, sa desetinama hiljada Izraelaca koji su gotovo svakodnevno izlazili na ulice, prenosi&nbsp;<a href=\"https:\/\/www.straitstimes.com\/world\/middle-east\/israels-netanyahu-says-will-run-for-pm-in-next-years-election\" rel=\"noreferrer noopener\" target=\"_blank\">&#8222;Straits Times&#8220;<\/a>.<\/p>\n\n\n\n<p>Od po\u010detka rata u Gazi, koji je izbio nakon smrtonosnog napada Hamasa na Izrael 7. oktobra 2023., Netanjahu se tako\u0111e suo\u010dava sa sve ve\u0107im kritikama porodica talaca zbog na\u010dina na koji je vodio rat, pi\u0161e AFP.<\/p>","protected":false},"excerpt":{"rendered":"<p>Izraelski premijer Benjamin Netanjahu ponovo \u0107e se kandidovati za tu funkciju i na predstoje\u0107im izborima.<\/p>","protected":false},"author":1,"featured_media":679297,"comment_status":"open","ping_status":"open","sticky":false,"template":"","format":"standard","meta":{"_acf_changed":false,"footnotes":"","jetpack_publicize_message":"","jetpack_publicize_feature_enabled":true,"jetpack_social_post_already_shared":false,"jetpack_social_options":{"image_generator_settings":{"template":"highway","default_image_id":0,"font":"","enabled":false},"version":2}},"categories":[14],"tags":[1507,10071,10072],"naslovna":[],"class_list":["post-854421","post","type-post","status-publish","format-standard","has-post-thumbnail","hentry","category-svijet","tag-netanjahu","tag-ponovna-kandidatura","tag-premijer-izraela"],"acf":[],"jetpack_publicize_connections":[],"_links":{"self":[{"href":"https:\/\/gradski.me\/en\/wp-json\/wp\/v2\/posts\/854421","targetHints":{"allow":["GET"]}}],"collection":[{"href":"https:\/\/gradski.me\/en\/wp-json\/wp\/v2\/posts"}],"about":[{"href":"https:\/\/gradski.me\/en\/wp-json\/wp\/v2\/types\/post"}],"author":[{"embeddable":true,"href":"https:\/\/gradski.me\/en\/wp-json\/wp\/v2\/users\/1"}],"replies":[{"embeddable":true,"href":"https:\/\/gradski.me\/en\/wp-json\/wp\/v2\/comments?post=854421"}],"version-history":[{"count":0,"href":"https:\/\/gradski.me\/en\/wp-json\/wp\/v2\/posts\/854421\/revisions"}],"wp:featuredmedia":[{"embeddable":true,"href":"https:\/\/gradski.me\/en\/wp-json\/wp\/v2\/media\/679297"}],"wp:attachment":[{"href":"https:\/\/gradski.me\/en\/wp-json\/wp\/v2\/media?parent=854421"}],"wp:term":[{"taxonomy":"category","embeddable":true,"href":"https:\/\/gradski.me\/en\/wp-json\/wp\/v2\/categories?post=854421"},{"taxonomy":"post_tag","embeddable":true,"href":"https:\/\/gradski.me\/en\/wp-json\/wp\/v2\/tags?post=854421"},{"taxonomy":"naslovna","embeddable":true,"href":"https:\/\/gradski.me\/en\/wp-json\/wp\/v2\/naslovna?post=854421"}],"curies":[{"name":"wp","href":"https:\/\/api.w.org\/{rel}","templated":true}]}}