{"id":854296,"date":"2025-10-19T11:06:24","date_gmt":"2025-10-19T09:06:24","guid":{"rendered":"https:\/\/gradski.me\/?p=854296"},"modified":"2025-10-19T11:06:24","modified_gmt":"2025-10-19T09:06:24","slug":"vukicevic-dolazak-wizz-aira-je-investicioni-bum-naredne-godine-vise-letova-imace-i-2montenegro","status":"publish","type":"post","link":"https:\/\/gradski.me\/en\/ekonomija\/vukicevic-dolazak-wizz-aira-je-investicioni-bum-naredne-godine-vise-letova-imace-i-2montenegro\/","title":{"rendered":"Vuki\u0107evi\u0107: Dolazak Wizz Aira je investicioni bum, naredne godine vi\u0161e letova ima\u0107e i &#8222;2Montenegro&#8220;"},"content":{"rendered":"<p>Vuki\u0107evi\u0107 je rekla da ne o\u010dekuje da \u0107e otvaranja baze Wizz Aira ugroziti poslovanje crnogorske nacionalne avio kompanije \u201cToMontenegro\u201d, kao I da \u0107e naredne godine i oni imati jo\u0161 vi\u0161e linija.&nbsp;<\/p>\n\n\n\n<p>\u201cNove avio linije su itekako bile potrebne, stalno se ispostavljalo da nismo dovoljno povezani sa ostatkom svijeta i od po\u010detka mandata bila sam posve\u0107ena tom cilju da vratimo low cost kompanije na na\u0161e aerodrome\u201d, rekla je ministarka u intervjuu za Prvu televiziju.<\/p>\n\n\n\n<p>Podsjetila je da \u201cWizz Air nikada nije zvani\u010dno ni odlazio, te da su imali odre\u0111en broj destinacija.\u201d<\/p>\n\n\n\n<p>\u201cPreko godinu dana smo bili u pregovorima o otvaranju baze i kona\u010dno smo ih doveli do kraja. Potpisali smo memorandum, prodaja karata je ve\u0107 po\u010dela i to je imalo dobar odjek \u0161to je vrlo zna\u010dajno za crnogorsku privredu i turizam. Najvaljeno je da \u0107e biti preko milion sjedi\u0161ta \u0161to zna\u010di da \u0107emo imati mnogo vi\u0161e putnika koji \u0107e koristiti usluge na\u0161ih aerodroma.\u201d<\/p>\n\n\n\n<p>Odgovaraju\u0107i na pitanje da li je shodno tome potrebno osna\u017eiti infratsrukturu konkretno u Tivtu i da li \u0107e Wizz Air ugroziti poslovanje kompanije Air Montenegro ministarka je kazala da kazala da se treba pripremiti.<\/p>\n\n\n\n<p>&nbsp;\u201cMi smo ve\u0107 napravili neki plan da se infrastrukturno pripremimo za ono \u0161to dolazi jer naravno sve je to lijepo, imamo veliki broj destinacija i ve\u0107i broj putnika ali nosi mnogo izazova\u201d, dodala je.<\/p>\n\n\n\n<p>Ministarka je ukazala da crnogorska avio kompanija \u201c2Montegero\u201d ostvaruje dobre rezultate-<\/p>\n\n\n\n<p>\u201cNe o\u010dekujem da na\u0161a nacionalna kompanija bude ugro\u017eena, jer i za nju tako\u0111e postoji plan, oni su ove godine jako dobro poslovali, \u010dini mi se da imaju jako dobar rezultat \u0161to je vrlo pohvalno s obzirom da nacionalne kompanije \u0161irom svijeta nisu uvijek u plusu\u201d navela je Vuki\u0107evi\u0107.&nbsp;<\/p>\n\n\n\n<p>Objasnila je da \u201cna\u0161a nacionalna avio kompanija sa kapacitetima koje ima, sa brojnim problemima sa kojima je suo\u010dena posluje vrlo dobro ove godine\u201d i naglasila da \u201co\u010dekuje da \u0107e naredne godine&nbsp; imati i za njih ve\u0107i broj destinacija i da \u0107e rezultat poslovanja biti jo\u0161 bolji\u201d.<\/p>\n\n\n\n<p>\u201cDolazak Wizz Aira ne treba shvatati kao bilo kakvo ugro\u017eavanje bil koga, ovo je bum za Crnu Goru, investicioni bum. Dolazak renomirane kompanije, otvaranje ve\u0107eg broja destinacija i vjerujem da \u0107e to privu\u0107i i ostale kompanije da imaju mnogo vi\u0161e destinacija koje \u0107e voziti ka Crnoj Gori i iz Crne Gore\u201d, poru\u010dila je Vuki\u0107evi\u0107.<\/p>","protected":false},"excerpt":{"rendered":"<p>Ministarka saobra\u0107aja Maja Vuki\u0107evi\u0107 ocijenila je da \u0107e nove linije kompanije Wizz Air od naredne godine biti zna\u010dajne ne samo za avio povezanost Crne Gore nego i za turizam i privredu.<\/p>","protected":false},"author":1,"featured_media":752738,"comment_status":"open","ping_status":"open","sticky":false,"template":"","format":"standard","meta":{"_acf_changed":false,"footnotes":"","jetpack_publicize_message":"","jetpack_publicize_feature_enabled":true,"jetpack_social_post_already_shared":false,"jetpack_social_options":{"image_generator_settings":{"template":"highway","default_image_id":0,"font":"","enabled":false},"version":2}},"categories":[8],"tags":[188,483,478,8346],"naslovna":[],"class_list":["post-854296","post","type-post","status-publish","format-standard","has-post-thumbnail","hentry","category-ekonomija","tag-crna-gora","tag-maja-vukicevic","tag-turizam","tag-wizz-air"],"acf":[],"jetpack_publicize_connections":[],"_links":{"self":[{"href":"https:\/\/gradski.me\/en\/wp-json\/wp\/v2\/posts\/854296","targetHints":{"allow":["GET"]}}],"collection":[{"href":"https:\/\/gradski.me\/en\/wp-json\/wp\/v2\/posts"}],"about":[{"href":"https:\/\/gradski.me\/en\/wp-json\/wp\/v2\/types\/post"}],"author":[{"embeddable":true,"href":"https:\/\/gradski.me\/en\/wp-json\/wp\/v2\/users\/1"}],"replies":[{"embeddable":true,"href":"https:\/\/gradski.me\/en\/wp-json\/wp\/v2\/comments?post=854296"}],"version-history":[{"count":0,"href":"https:\/\/gradski.me\/en\/wp-json\/wp\/v2\/posts\/854296\/revisions"}],"wp:featuredmedia":[{"embeddable":true,"href":"https:\/\/gradski.me\/en\/wp-json\/wp\/v2\/media\/752738"}],"wp:attachment":[{"href":"https:\/\/gradski.me\/en\/wp-json\/wp\/v2\/media?parent=854296"}],"wp:term":[{"taxonomy":"category","embeddable":true,"href":"https:\/\/gradski.me\/en\/wp-json\/wp\/v2\/categories?post=854296"},{"taxonomy":"post_tag","embeddable":true,"href":"https:\/\/gradski.me\/en\/wp-json\/wp\/v2\/tags?post=854296"},{"taxonomy":"naslovna","embeddable":true,"href":"https:\/\/gradski.me\/en\/wp-json\/wp\/v2\/naslovna?post=854296"}],"curies":[{"name":"wp","href":"https:\/\/api.w.org\/{rel}","templated":true}]}}