{"id":854271,"date":"2025-10-19T10:23:40","date_gmt":"2025-10-19T08:23:40","guid":{"rendered":"https:\/\/gradski.me\/?p=854271"},"modified":"2025-10-19T10:23:40","modified_gmt":"2025-10-19T08:23:40","slug":"milatovic-posthumno-dodijelio-najvisi-drzavni-orden-mitropolitu-amfilohiju","status":"publish","type":"post","link":"https:\/\/gradski.me\/en\/drustvo\/milatovic-posthumno-dodijelio-najvisi-drzavni-orden-mitropolitu-amfilohiju\/","title":{"rendered":"Milatovi\u0107 posthumno dodijelio najvi\u0161i dr\u017eavni orden mitropolitu Amfilohiju"},"content":{"rendered":"<p>&#8222;Mitropolit crnogorsko-primorski Amfilohije (1938\u20132020) ostavio je neizbrisiv trag u duhovnom i dru\u0161tvenom \u017eivotu Crne Gore tokom gotovo tri decenije na \u010delu Mitropolije crnogorsko-primorske&#8220;, naveo je Milatovi\u0107 na mre\u017ei &#8222;X&#8220;.<\/p>\n\n\n\n<p>Kako je podsjetio, ro\u0111en 1938. godine u Barama Radovi\u0107a u Donjoj Mora\u010di, obrazovanje je sticao na teolo\u0161kim, bogoslovskim i filolo\u0161kim studijama u Beogradu, Bernu, Rimu i Atini, postav\u0161i jedan od najobrazovanijih episkopa pravoslavnog svijeta.<\/p>\n\n\n\n<p>&#8222;Svojim ugledom u cijelom hri\u0161\u0107anskom svijetu dao je zna\u010dajan doprinos i me\u0111unarodnom ugledu Crne Gore. U klju\u010dnom istorijskom trenutku \u2013 tokom referenduma o nezavisnosti Crne Gore 2006. godine \u2013 njegovi pozivi na sabornost i me\u0111usobno po\u0161tovanje doprinijeli su da Crna Gora kroz ovaj proces pro\u0111e mirno i bez sukoba. Time je dao nemjerljiv doprinos o\u010duvanju mira i stabilnosti u zemlji&#8220;, naveo je Milatovi\u0107.&nbsp;<\/p>\n\n\n\n<figure class=\"wp-block-embed is-type-rich is-provider-twitter wp-block-embed-twitter\"><div class=\"wp-block-embed__wrapper\">\n<blockquote class=\"twitter-tweet\" data-width=\"550\" data-dnt=\"true\"><p lang=\"und\" dir=\"ltr\">Povodom petogodi\u0161njice od upokojenja mitropolita Amfilohija, odlu\u010dio sam da mu posthumno dodijelim najvi\u0161i dr\u017eavni orden.<br><br>Mitropolit crnogorsko-primorski Amfilohije (1938\u20132020), ostavio je neizbrisiv trag u duhovnom i dru\u0161tvenom \u017eivotu Crne Gore tokom gotovo tri decenije na \u010delu\u2026<\/p>\u2014 Jakov Milatovic \ud83c\uddf2\ud83c\uddea\ud83c\uddea\ud83c\uddfa (@JakovMilatovic) <a href=\"https:\/\/twitter.com\/JakovMilatovic\/status\/1979817998899667389?ref_src=twsrc%5Etfw\" target=\"_blank\" rel=\"noopener\">October 19, 2025<\/a><\/blockquote><script async src=\"https:\/\/platform.twitter.com\/widgets.js\" charset=\"utf-8\"><\/script>\n<\/div><\/figure>\n\n\n\n<p>U posljednjim godinama \u017eivota postao je, kako isti\u010de, simbol duhovnog otpora, naro\u010dito tokom 2019. i 2020. godine kada je predvodio litije povodom Zakona o slobodi vjeroispovijesti.<\/p>\n\n\n\n<p>&#8222;Litije su ubrzo poprimile \u0161ire dru\u0161tveno zna\u010denje i postale simbol mirnog gra\u0111anskog otpora. Masovnost i trajanje litija predstavljali su jedan od klju\u010dnih faktora koji su doprinijeli mirnoj promjeni vi\u0161edecenijske vlasti, \u0161to je Crnoj Gori otvorilo put ka punopravnom \u010dlanstvu u EU. Posthumnom dodjelom najve\u0107eg dr\u017eavnog odlikovanja mitropolitu Amfilohiju, Crna Gora odaje priznanje njegovom doprinosu o\u010duvanju duhovne tradicije, izgradnji dru\u0161tvenog mira u najosjetljivijim trenucima na\u0161e savremene istorije, kao i njegovoj ulozi u unapre\u0111enju me\u0111unarodnog ugleda na\u0161e zemlje&#8220;, pi\u0161e u objavi Milatovi\u0107a na dru\u0161tvenoj mre\u017ei &#8222;X&#8220;.&nbsp;<\/p>\n\n\n\n<p><\/p>","protected":false},"excerpt":{"rendered":"<p>Povodom petogodi\u0161njice od upokojenja mitropolita Amfilohija, predsjednik Crne Gore Jakov Milatovi\u0107 donio je odluku da mu posthumno dodijeli najvi\u0161i dr\u017eavni orden.<\/p>","protected":false},"author":1,"featured_media":616921,"comment_status":"open","ping_status":"open","sticky":false,"template":"","format":"standard","meta":{"_acf_changed":false,"footnotes":"","jetpack_publicize_message":"","jetpack_publicize_feature_enabled":true,"jetpack_social_post_already_shared":false,"jetpack_social_options":{"image_generator_settings":{"template":"highway","default_image_id":0,"font":"","enabled":false},"version":2}},"categories":[9],"tags":[78,8861,5721],"naslovna":[],"class_list":["post-854271","post","type-post","status-publish","format-standard","has-post-thumbnail","hentry","category-drustvo","tag-jakov-milatovic","tag-mitropolit-amfilohije","tag-orden"],"acf":[],"jetpack_publicize_connections":[],"_links":{"self":[{"href":"https:\/\/gradski.me\/en\/wp-json\/wp\/v2\/posts\/854271","targetHints":{"allow":["GET"]}}],"collection":[{"href":"https:\/\/gradski.me\/en\/wp-json\/wp\/v2\/posts"}],"about":[{"href":"https:\/\/gradski.me\/en\/wp-json\/wp\/v2\/types\/post"}],"author":[{"embeddable":true,"href":"https:\/\/gradski.me\/en\/wp-json\/wp\/v2\/users\/1"}],"replies":[{"embeddable":true,"href":"https:\/\/gradski.me\/en\/wp-json\/wp\/v2\/comments?post=854271"}],"version-history":[{"count":0,"href":"https:\/\/gradski.me\/en\/wp-json\/wp\/v2\/posts\/854271\/revisions"}],"wp:featuredmedia":[{"embeddable":true,"href":"https:\/\/gradski.me\/en\/wp-json\/wp\/v2\/media\/616921"}],"wp:attachment":[{"href":"https:\/\/gradski.me\/en\/wp-json\/wp\/v2\/media?parent=854271"}],"wp:term":[{"taxonomy":"category","embeddable":true,"href":"https:\/\/gradski.me\/en\/wp-json\/wp\/v2\/categories?post=854271"},{"taxonomy":"post_tag","embeddable":true,"href":"https:\/\/gradski.me\/en\/wp-json\/wp\/v2\/tags?post=854271"},{"taxonomy":"naslovna","embeddable":true,"href":"https:\/\/gradski.me\/en\/wp-json\/wp\/v2\/naslovna?post=854271"}],"curies":[{"name":"wp","href":"https:\/\/api.w.org\/{rel}","templated":true}]}}