{"id":853150,"date":"2025-10-17T13:35:00","date_gmt":"2025-10-17T11:35:00","guid":{"rendered":"https:\/\/gradski.me\/?p=853150"},"modified":"2025-10-17T13:35:00","modified_gmt":"2025-10-17T11:35:00","slug":"opstina-bar-podrska-predskolcima-iz-romske-i-egipcanske-zajednice","status":"publish","type":"post","link":"https:\/\/gradski.me\/en\/drustvo\/opstina-bar-podrska-predskolcima-iz-romske-i-egipcanske-zajednice\/","title":{"rendered":"Op\u0161tina Bar: Podr\u0161ka pred\u0161kolcima iz romske i egip\u0107anske zajednice"},"content":{"rendered":"<p><\/p>\n\n\n\n<p><\/p>\n\n\n\n<p>\u201cZa ukupno petnaestoro djece, obezbije\u0111eni su paketi koji sadr\u017ee higijenske proizvode i adekvatnu odje\u0107u i obu\u0107u, \u010dime je pru\u017eena konkretna podr\u0161ka njihovom zdravom odrastanju, socijalizaciji i integraciji u obrazovni sistem\u201d, saop\u0161teno je iz Op\u0161tine Bar.<\/p>\n\n\n\n<p>Ova aktivnost realizovana je u saradnji sa Op\u0161tinskom organizacijom Crvenog krsta Bar, sa zajedni\u010dkim ciljem stvaranja jednakih mogu\u0107nosti za svu djecu i unapre\u0111enja kvaliteta \u017eivota pripadnika RE zajednice.<\/p>\n\n\n\n<p>\u201cOp\u0161tina Bar je prethodno obezbjedila i dodjelu posebnih subvencija za u\u010denike koji dolaze iz ove osjetljive kategorije stanovni\u0161tva. Tako su u\u010denicima RE populacije pripale mjese\u010dne subvenciije za neformalno obrazovanje, \u010dlanarinu u sportskim klubovima, \u0161kolski obrok kao i jednokratne subvencije za \u0161kolski pribor, zatim subvencije ostalih tro\u0161kova \u0161kolovanja za u\u010denike RE koji redovno poha\u0111aju osnovnu \u0161kolu i subvencije za nabavku knjiga i \u0161kolskog pribora za u\u010denike RE populacije koji su upisali i redovno poha\u0111aju srednju \u0161kolu, u ukupnom iznosu od preko 70 hiljada eura.\u201d, zaklju\u010duju u saop\u0161tenju.<\/p>","protected":false},"excerpt":{"rendered":"<p>U okviru aktivnosti predvi\u0111enih Lokalnim akcionim planom za socijalnu inkluziju Roma i Egip\u0107ana za period 2025\u20132028. godina, Op\u0161tina Bar realizovala je podjelu paketa osnovnih potrep\u0161tina za djecu iz RE zajednice koja su upisana u pred\u0161kolske ustanove.<\/p>","protected":false},"author":1,"featured_media":853152,"comment_status":"open","ping_status":"open","sticky":false,"template":"","format":"standard","meta":{"_acf_changed":false,"footnotes":"","jetpack_publicize_message":"","jetpack_publicize_feature_enabled":true,"jetpack_social_post_already_shared":false,"jetpack_social_options":{"image_generator_settings":{"template":"highway","default_image_id":0,"font":"","enabled":false},"version":2}},"categories":[9],"tags":[1439,1273,9785,1119],"naslovna":[],"class_list":["post-853150","post","type-post","status-publish","format-standard","has-post-thumbnail","hentry","category-drustvo","tag-opstina-bar","tag-podrska","tag-predskolci","tag-romi"],"acf":[],"jetpack_publicize_connections":[],"_links":{"self":[{"href":"https:\/\/gradski.me\/en\/wp-json\/wp\/v2\/posts\/853150","targetHints":{"allow":["GET"]}}],"collection":[{"href":"https:\/\/gradski.me\/en\/wp-json\/wp\/v2\/posts"}],"about":[{"href":"https:\/\/gradski.me\/en\/wp-json\/wp\/v2\/types\/post"}],"author":[{"embeddable":true,"href":"https:\/\/gradski.me\/en\/wp-json\/wp\/v2\/users\/1"}],"replies":[{"embeddable":true,"href":"https:\/\/gradski.me\/en\/wp-json\/wp\/v2\/comments?post=853150"}],"version-history":[{"count":0,"href":"https:\/\/gradski.me\/en\/wp-json\/wp\/v2\/posts\/853150\/revisions"}],"wp:featuredmedia":[{"embeddable":true,"href":"https:\/\/gradski.me\/en\/wp-json\/wp\/v2\/media\/853152"}],"wp:attachment":[{"href":"https:\/\/gradski.me\/en\/wp-json\/wp\/v2\/media?parent=853150"}],"wp:term":[{"taxonomy":"category","embeddable":true,"href":"https:\/\/gradski.me\/en\/wp-json\/wp\/v2\/categories?post=853150"},{"taxonomy":"post_tag","embeddable":true,"href":"https:\/\/gradski.me\/en\/wp-json\/wp\/v2\/tags?post=853150"},{"taxonomy":"naslovna","embeddable":true,"href":"https:\/\/gradski.me\/en\/wp-json\/wp\/v2\/naslovna?post=853150"}],"curies":[{"name":"wp","href":"https:\/\/api.w.org\/{rel}","templated":true}]}}