{"id":852832,"date":"2025-10-16T22:25:00","date_gmt":"2025-10-16T20:25:00","guid":{"rendered":"https:\/\/gradski.me\/?p=852832"},"modified":"2025-10-16T22:25:00","modified_gmt":"2025-10-16T20:25:00","slug":"u-pljevljima-obiljezen-ruzicasti-oktobar","status":"publish","type":"post","link":"https:\/\/gradski.me\/en\/drustvo\/u-pljevljima-obiljezen-ruzicasti-oktobar\/","title":{"rendered":"U Pljevljima obilje\u017een \u201eRu\u017ei\u010dasti oktobar\u201c"},"content":{"rendered":"<p><br><br><\/p>\n\n\n\n<p><\/p>\n\n\n\n<p>Doga\u0111aju je prisustvovao dr Ognjen Deli\u0107, generalni direktor Direktorata za zdravstvenu za\u0161titu u Ministarstvu zdravlja, sa svojim timom.<\/p>\n\n\n\n<p>Dr Deli\u0107 je pozdravio akciju koju je pokrenuo Dom zdravlja Pljevlja na \u010delu sa dr Markom Terzi\u0107em, u okviru koje \u0107e biti pregledane sve \u017eene koje su se prijavile za preventivne preglede \u2014 vi\u0161e od 60 njih. Pregledi obuhvataju ultrazvu\u010dnu dijagnostiku i mamografiju, kao klju\u010dne metode ranog otkrivanja raka dojke. Doga\u0111aju su prisustvovale i dr Sabina \u0106ati\u0107 i dr Ivana Nik\u010devi\u0107 Kova\u010devi\u0107 ispred Instituta za javno zdravlje Crne Gore, koje su razgovarale sa gra\u0111anima i pru\u017eile savjete o zna\u010daju zdravih \u017eivotnih navika i redovnih kontrola. Njihovo u\u010de\u0161\u0107e dodatno je istaklo va\u017enost me\u0111uinstitucionalne saradnje i zajedni\u010dkog djelovanja u borbi protiv karcinoma dojke &#8211; navode u saop\u0161tenju.<\/p>\n\n\n\n<p>Deli\u0107 je poru\u010dio da je ovakva inicijativa primjer dobre prakse i saradnje zdravstvenih ustanova na lokalnom i dr\u017eavnom nivou, sa zajedni\u010dkim ciljem \u2014 o\u010duvanjem zdravlja \u017eena i ja\u010danjem svijesti o zna\u010daju prevencije.<\/p>\n\n\n\n<p>Kampanja \u201ePrevencija je klju\u010d \u2013 misli na sebe\u201c nastavlja se tokom oktobra kroz objavljivanje edukativnih video poruka i organizovanje promotivnih aktivnosti \u0161irom Crne Gore &#8211; poru\u010duju iz MZD.<\/p>","protected":false},"excerpt":{"rendered":"<p>U okviru kampanje Ministarstva zdravlja \u201ePrevencija je klju\u010d \u2013 misli na sebe\u201c, povodom obilje\u017eavanja Ru\u017ei\u010dastog oktobra, mjeseca posve\u0107enog prevenciji raka dojke, danas je u Pljevljima odr\u017eana promotivna aktivnost posve\u0107ena podizanju svijesti o zna\u010daju redovnih preventivnih pregleda &#8211; saop\u0161teno je iz Ministarstva zdravlja.<\/p>","protected":false},"author":1,"featured_media":852833,"comment_status":"open","ping_status":"open","sticky":false,"template":"","format":"standard","meta":{"_acf_changed":false,"footnotes":"","jetpack_publicize_message":"","jetpack_publicize_feature_enabled":true,"jetpack_social_post_already_shared":false,"jetpack_social_options":{"image_generator_settings":{"template":"highway","default_image_id":0,"font":"","enabled":false},"version":2}},"categories":[9],"tags":[9010,7800],"naslovna":[],"class_list":["post-852832","post","type-post","status-publish","format-standard","has-post-thumbnail","hentry","category-drustvo","tag-pljavlja","tag-ruzicasti-oktobar"],"acf":[],"jetpack_publicize_connections":[],"_links":{"self":[{"href":"https:\/\/gradski.me\/en\/wp-json\/wp\/v2\/posts\/852832","targetHints":{"allow":["GET"]}}],"collection":[{"href":"https:\/\/gradski.me\/en\/wp-json\/wp\/v2\/posts"}],"about":[{"href":"https:\/\/gradski.me\/en\/wp-json\/wp\/v2\/types\/post"}],"author":[{"embeddable":true,"href":"https:\/\/gradski.me\/en\/wp-json\/wp\/v2\/users\/1"}],"replies":[{"embeddable":true,"href":"https:\/\/gradski.me\/en\/wp-json\/wp\/v2\/comments?post=852832"}],"version-history":[{"count":0,"href":"https:\/\/gradski.me\/en\/wp-json\/wp\/v2\/posts\/852832\/revisions"}],"wp:featuredmedia":[{"embeddable":true,"href":"https:\/\/gradski.me\/en\/wp-json\/wp\/v2\/media\/852833"}],"wp:attachment":[{"href":"https:\/\/gradski.me\/en\/wp-json\/wp\/v2\/media?parent=852832"}],"wp:term":[{"taxonomy":"category","embeddable":true,"href":"https:\/\/gradski.me\/en\/wp-json\/wp\/v2\/categories?post=852832"},{"taxonomy":"post_tag","embeddable":true,"href":"https:\/\/gradski.me\/en\/wp-json\/wp\/v2\/tags?post=852832"},{"taxonomy":"naslovna","embeddable":true,"href":"https:\/\/gradski.me\/en\/wp-json\/wp\/v2\/naslovna?post=852832"}],"curies":[{"name":"wp","href":"https:\/\/api.w.org\/{rel}","templated":true}]}}