{"id":852694,"date":"2025-10-16T19:00:00","date_gmt":"2025-10-16T17:00:00","guid":{"rendered":"https:\/\/gradski.me\/?p=852694"},"modified":"2025-10-16T19:00:00","modified_gmt":"2025-10-16T17:00:00","slug":"video-ivanovic-glavni-grad-u-modernizaciju-sportskih-objekata-ulaze-vise-miliona-eura","status":"publish","type":"post","link":"https:\/\/gradski.me\/en\/podgorica\/video-ivanovic-glavni-grad-u-modernizaciju-sportskih-objekata-ulaze-vise-miliona-eura\/","title":{"rendered":"(VIDEO) Ivanovi\u0107: Projekat izgradnje isto\u010dne tribine dobio zeleno svijetlo, za krov SC Mora\u010da milion eura"},"content":{"rendered":"<p> Projekat izgradnje isto\u010dne tribine na stadionu pod Goricom dobio je zeleno svjetlo, u toku su pripreme za po\u010detak radova, ka\u017ee direktor Sportskih objekata Miljan Ivanovi\u0107.<br><br>&#8222;Glavni projekat za izgradnju isto\u010dne tribine je zavr\u0161en, revidovan. Nakon toga je uskla\u0111en sa va\u017ee\u0107om regulativom, upu\u0107en je Ministarstvu javnih radova i o\u010dekuje se, ja sam optimista, da \u0107e brzo po\u010deti, mo\u017eda \u010dak i slede\u0107e godine radovi na tome&#8220;, kaao je Ivanovi\u0107. <br>Novac je, dodaje, obezbije\u0111en i za rekonstrukciju krova Sportskog centra Mora\u010da, \u010dime \u0107e se rije\u0161iti dugogodi\u0161nji problem proki\u0161njavanja novinarske lo\u017ee.<br><br>&#8222;Bud\u017eetom Glavnog grada je predvi\u0111eno milion i dvadeset hiljada eura za zamjenu krovnog pokriva\u010da MTEL dvorane Mora\u010da kao i za\u0161titu \u010deli\u010dnih nose\u0107ih u\u017eadi same konstrukcije&#8220;, kazao je Ivanovi\u0107. <br>Prioritet je, ka\u017ee, obnova \u010ditavog krova na tom objektu.<br><br>&#8222;Saniran je, improvizovali smo tu situaciju curenja i propu\u0161tanja vode i vlage iznad VIP lo\u017ee, me\u0111utim i po studiji i po projektu ne mo\u017eemo raditi sanaciju krova segmentno. Mora i\u0107i sveobuhvatno i ujedno&#8220;, pojasnio je Ivanovi\u0107. <br>Glavni grad bi uskoro, najavljuje, mogao dobiti i novi, otvoreni bazen.<br><br>&#8222;Podgorica kao grad u kome dnevno defiluje vi\u0161e od 250 hiljada stanovnika i s obzirom na geografski polo\u017eaj i klimu koja je u Podgorici, svakako da treba da ima i otvoreni bazen. U kontaktima sa sekretarijatima na nivou Glavnog grada o\u010dekuje se vrlo brzo i odabir lokacije ubrzana izgradnja tog objekta&#8220;, najavio je Ivanovi\u0107. <br>Sportski objekti ulaze u novu fazu razvoja, a planirane investicije primijeni\u0107e sliku sporta u Podgorici u narednim godinama, poru\u010dio je Ivanovi\u0107. \u2003<\/p>\n\n\n\n<figure class=\"wp-block-embed is-type-video is-provider-youtube wp-block-embed-youtube wp-embed-aspect-16-9 wp-has-aspect-ratio\"><div class=\"wp-block-embed__wrapper\">\n<iframe title=\"Ivanovi\u0107: Glavni grad u modernizaciju sportskih obejkata ula\u017ee vi\u0161e miliona eura\" width=\"800\" height=\"450\" src=\"https:\/\/www.youtube.com\/embed\/2SeGO6cjRvQ?feature=oembed\" frameborder=\"0\" allow=\"accelerometer; autoplay; clipboard-write; encrypted-media; gyroscope; picture-in-picture; web-share\" referrerpolicy=\"strict-origin-when-cross-origin\" allowfullscreen><\/iframe>\n<\/div><\/figure>\n\n\n\n<p><\/p>","protected":false},"excerpt":{"rendered":"<p>Glavni grad \u0107e razne projekte i modernizaciju sportskih objekata ulo\u017eiti vi\u0161e miliona eura, \u010dime \u0107e biti pobolj\u0161ani uslovi za sportiste, ali i sve gra\u0111ane. To je u Jutarnjem programu RTV Podgorica najavio direktor Sportskih objekata Miljan Ivanovi\u0107.<\/p>","protected":false},"author":1,"featured_media":852697,"comment_status":"open","ping_status":"open","sticky":false,"template":"","format":"standard","meta":{"_acf_changed":false,"footnotes":"","jetpack_publicize_message":"","jetpack_publicize_feature_enabled":true,"jetpack_social_post_already_shared":false,"jetpack_social_options":{"image_generator_settings":{"template":"highway","default_image_id":0,"font":"","enabled":false},"version":2}},"categories":[6],"tags":[116,9562,9700],"naslovna":[],"class_list":["post-852694","post","type-post","status-publish","format-standard","has-post-thumbnail","hentry","category-podgorica","tag-glavni-grad","tag-obnova","tag-sportski-objekti"],"acf":[],"jetpack_publicize_connections":[],"_links":{"self":[{"href":"https:\/\/gradski.me\/en\/wp-json\/wp\/v2\/posts\/852694","targetHints":{"allow":["GET"]}}],"collection":[{"href":"https:\/\/gradski.me\/en\/wp-json\/wp\/v2\/posts"}],"about":[{"href":"https:\/\/gradski.me\/en\/wp-json\/wp\/v2\/types\/post"}],"author":[{"embeddable":true,"href":"https:\/\/gradski.me\/en\/wp-json\/wp\/v2\/users\/1"}],"replies":[{"embeddable":true,"href":"https:\/\/gradski.me\/en\/wp-json\/wp\/v2\/comments?post=852694"}],"version-history":[{"count":0,"href":"https:\/\/gradski.me\/en\/wp-json\/wp\/v2\/posts\/852694\/revisions"}],"wp:featuredmedia":[{"embeddable":true,"href":"https:\/\/gradski.me\/en\/wp-json\/wp\/v2\/media\/852697"}],"wp:attachment":[{"href":"https:\/\/gradski.me\/en\/wp-json\/wp\/v2\/media?parent=852694"}],"wp:term":[{"taxonomy":"category","embeddable":true,"href":"https:\/\/gradski.me\/en\/wp-json\/wp\/v2\/categories?post=852694"},{"taxonomy":"post_tag","embeddable":true,"href":"https:\/\/gradski.me\/en\/wp-json\/wp\/v2\/tags?post=852694"},{"taxonomy":"naslovna","embeddable":true,"href":"https:\/\/gradski.me\/en\/wp-json\/wp\/v2\/naslovna?post=852694"}],"curies":[{"name":"wp","href":"https:\/\/api.w.org\/{rel}","templated":true}]}}