{"id":852545,"date":"2025-10-16T15:00:26","date_gmt":"2025-10-16T13:00:26","guid":{"rendered":"https:\/\/gradski.me\/?p=852545"},"modified":"2025-10-16T15:00:26","modified_gmt":"2025-10-16T13:00:26","slug":"mpsv-postignut-dogovor-o-otkupu-mlijeka-u-drzave-regiona","status":"publish","type":"post","link":"https:\/\/gradski.me\/en\/ekonomija\/mpsv-postignut-dogovor-o-otkupu-mlijeka-u-drzave-regiona\/","title":{"rendered":"MP\u0160V: Postignut dogovor o izvozu mlijeka u dr\u017eave regiona"},"content":{"rendered":"<p><\/p>\n\n\n\n<p>&#8222;Nakon ju\u010dera\u0161njeg sastanka sa predstavnicima mljekara, prera\u0111iva\u010da mlijeka, kooperantima, Poljoprivrednog klastera i Unije sto\u010dara, menad\u017ement Ministarstva je preduzeo sve da se stvori prostor za hitni otkup doma\u0107ih vi\u0161kova.<\/p>\n\n\n\n<p>Tako\u0111e, u saradnji sa zemljama regiona, cjelokupnu koli\u010dinu otkupljenog mlijeka ( mlijeka u rinfuzu) prera\u0111iva\u010di \u0107e imati priliku da izvezu u Republiku Srbiju i Bosnu i Hercegovinu, sa \u010dijim nadle\u017enim institucijama i kompanijama je Ministarstvo postiglo dogovor.<\/p>\n\n\n\n<p>Pozivamo otkupljiva\u010de mlijeka da nesmetano nastave da vr\u0161e otkup i da o eventualnim vi\u0161kovima obavijeste Ministarstvo&#8220;, kazali su u saop\u0161tenju.<\/p>","protected":false},"excerpt":{"rendered":"<p>Ministarstvo poljoprivrede, \u0161umarstva i vodoprivrede, je u\u010dinilo sve iz domena svoje nadle\u017enosti i obezbijedilo plasman svih tr\u017ei\u0161nih vi\u0161kova finalnog proizvoda kroz trgova\u010dke lance u Crnoj Gori, saop\u0161teno je iz tog resora.<\/p>","protected":false},"author":1,"featured_media":457466,"comment_status":"open","ping_status":"open","sticky":false,"template":"","format":"standard","meta":{"_acf_changed":false,"footnotes":"","jetpack_publicize_message":"","jetpack_publicize_feature_enabled":true,"jetpack_social_post_already_shared":false,"jetpack_social_options":{"image_generator_settings":{"template":"highway","default_image_id":0,"font":"","enabled":false},"version":2}},"categories":[8],"tags":[9156,5114],"naslovna":[],"class_list":["post-852545","post","type-post","status-publish","format-standard","has-post-thumbnail","hentry","category-ekonomija","tag-mlijeko","tag-otkup"],"acf":[],"jetpack_publicize_connections":[],"_links":{"self":[{"href":"https:\/\/gradski.me\/en\/wp-json\/wp\/v2\/posts\/852545","targetHints":{"allow":["GET"]}}],"collection":[{"href":"https:\/\/gradski.me\/en\/wp-json\/wp\/v2\/posts"}],"about":[{"href":"https:\/\/gradski.me\/en\/wp-json\/wp\/v2\/types\/post"}],"author":[{"embeddable":true,"href":"https:\/\/gradski.me\/en\/wp-json\/wp\/v2\/users\/1"}],"replies":[{"embeddable":true,"href":"https:\/\/gradski.me\/en\/wp-json\/wp\/v2\/comments?post=852545"}],"version-history":[{"count":0,"href":"https:\/\/gradski.me\/en\/wp-json\/wp\/v2\/posts\/852545\/revisions"}],"wp:featuredmedia":[{"embeddable":true,"href":"https:\/\/gradski.me\/en\/wp-json\/wp\/v2\/media\/457466"}],"wp:attachment":[{"href":"https:\/\/gradski.me\/en\/wp-json\/wp\/v2\/media?parent=852545"}],"wp:term":[{"taxonomy":"category","embeddable":true,"href":"https:\/\/gradski.me\/en\/wp-json\/wp\/v2\/categories?post=852545"},{"taxonomy":"post_tag","embeddable":true,"href":"https:\/\/gradski.me\/en\/wp-json\/wp\/v2\/tags?post=852545"},{"taxonomy":"naslovna","embeddable":true,"href":"https:\/\/gradski.me\/en\/wp-json\/wp\/v2\/naslovna?post=852545"}],"curies":[{"name":"wp","href":"https:\/\/api.w.org\/{rel}","templated":true}]}}