{"id":852031,"date":"2025-10-15T23:00:00","date_gmt":"2025-10-15T21:00:00","guid":{"rendered":"https:\/\/gradski.me\/?p=852031"},"modified":"2025-10-15T23:00:00","modified_gmt":"2025-10-15T21:00:00","slug":"eu-uvodi-nova-pravila-za-kratkorocni-najam-smjestaja","status":"publish","type":"post","link":"https:\/\/gradski.me\/en\/svijet\/eu-uvodi-nova-pravila-za-kratkorocni-najam-smjestaja\/","title":{"rendered":"EU uvodi nova pravila za kratkoro\u010dni najam smje\u0161taja"},"content":{"rendered":"<p><\/p>\n\n\n\n<p><\/p>\n\n\n\n<p><\/p>\n\n\n\n<p>Ovu inicijativu najavio je Dan J\u00f8rgensen, prvi evropski komesar za stanovanje, koji je poru\u010dio da Brisel mora ozbiljno pristupiti ovom problemu ili \u0107e, kako je rekao, \u201eprostor preuzeti populisti koji koriste nezadovoljstvo gra\u0111ana\u201c.<\/p>\n\n\n\n<p><strong>Plan sti\u017ee u decembru, ranije nego \u0161to je planirano<\/strong><\/p>\n\n\n\n<p>Plan, koji je prvobitno bio najavljen za 2026. godinu, bi\u0107e predstavljen ve\u0107 u decembru ove godine, zbog hitnosti situacije i rastu\u0107ih cijena stanovanja \u0161irom Evrope.<\/p>\n\n\n\n<p>\u201eAko mi, kao donosioci odluka, ne shvatimo ovaj problem ozbiljno i ne priznamo da je rije\u010d o socijalnom pitanju koje zahtijeva djelovanje, onda \u0107e populisti pobijediti\u201c, kazao je J\u00f8rgensen u intervjuu za The Guardian.<\/p>\n\n\n\n<p><strong>Kratkoro\u010dni najam gura lokalce iz centara gradova<\/strong><br><\/p>\n\n\n\n<p>Kratkoro\u010dni najam smje\u0161taja preko interneta posljednjih godina bilje\u017ei ogroman rast u evropskim gradovima.<br>Mnogi ovaj trend vide kao uzrok rasta cijena zakupa i iseljavanja lokalnog stanovni\u0161tva iz istorijskih jezgara, koje se sve vi\u0161e pretvaraju u turisti\u010dke zone.<\/p>\n\n\n\n<p>\u201eKratkoro\u010dni najam postao je ogroman problem u mnogim gradovima\u201c, kazao je J\u00f8rgensen, dodaju\u0107i da su potrebna jasnija i ujedna\u010dena evropska pravila u ovoj oblasti.<\/p>\n\n\n\n<p><strong>Cijene stanova i zakupa drasti\u010dno rastu<\/strong><\/p>\n\n\n\n<p>Prema podacima Eurostata, izme\u0111u 2010. i 2023. godine cijene stanova u EU porasle su za 48%, a zakupi za 22%.<br>U pojedinim dr\u017eavama taj rast je bio drasti\u010dan \u2014 u Estoniji \u010dak 211%, u Litvaniji 169%, a u Irskoj 98%.<br>Do 2023. godine, gotovo 9% gra\u0111ana EU tro\u0161ilo je 40% ili vi\u0161e svog prihoda na tro\u0161kove stanovanja.<\/p>\n\n\n\n<p><strong>Brisel razmatra dodatne mjere<\/strong><\/p>\n\n\n\n<p>Evropska komisija razmatra i \u0161ira rje\u0161enja, poput ograni\u010davanja \u0161pekulacija na tr\u017ei\u0161tu nekretnina i boljeg za\u0161titnog okvira za stanare.<br>Pominje se i mogu\u0107nost da se investitori obave\u017eu da grade odre\u0111eni procenat pristupa\u010dnih stanova, dok pojedine zemlje, poput \u0160panije, planiraju uvo\u0111enje poreza na nekretnine koje kupuju nerezidenti EU.<\/p>\n\n\n\n<p>J\u00f8rgensen je istakao da EU mora da pristupi pitanju stanovanja \u201esvje\u017eim o\u010dima\u201c, povla\u010de\u0107i paralelu s pandemijom Covida-19:<br>\u201eKao \u0161to smo morali redefinisati ulogu Unije tokom pandemije, isto moramo u\u010diniti i sada \u2013 jer pristupa\u010dno stanovanje postaje klju\u010dno socijalno pitanje u Evropi.\u201c<\/p>\n\n\n\n<p><strong>EU samit o stanovanju<\/strong><\/p>\n\n\n\n<p>Predsjednica Evropske komisije Ursula fon der Lajen ve\u0107 je najavila da \u0107e uskoro biti odr\u017ean prvi samit EU o stanovanju, na kojem \u0107e se raspravljati o novim mjerama i nadle\u017enostima evropskih institucija u ovoj oblasti.<\/p>","protected":false},"excerpt":{"rendered":"<p>Evropska unija planira da uvede nova pravila za kratkoro\u010dni najam smje\u0161taja putem platformi kao \u0161to su Airbnb i Booking.com, kako bi se odgovorilo na, kako ka\u017eu iz Evropske komisije, \u201esocijalnu krizu\u201c koja poga\u0111a gra\u0111ane u potrazi za pristupa\u010dnim stanovanjem.<\/p>","protected":false},"author":1,"featured_media":750989,"comment_status":"open","ping_status":"open","sticky":false,"template":"","format":"standard","meta":{"_acf_changed":false,"footnotes":"","jetpack_publicize_message":"","jetpack_publicize_feature_enabled":true,"jetpack_social_post_already_shared":false,"jetpack_social_options":{"image_generator_settings":{"template":"highway","default_image_id":0,"font":"","enabled":false},"version":2}},"categories":[14],"tags":[9582,9583,2208],"naslovna":[],"class_list":["post-852031","post","type-post","status-publish","format-standard","has-post-thumbnail","hentry","category-svijet","tag-eu-pravila","tag-najam","tag-smjestaj"],"acf":[],"jetpack_publicize_connections":[],"_links":{"self":[{"href":"https:\/\/gradski.me\/en\/wp-json\/wp\/v2\/posts\/852031","targetHints":{"allow":["GET"]}}],"collection":[{"href":"https:\/\/gradski.me\/en\/wp-json\/wp\/v2\/posts"}],"about":[{"href":"https:\/\/gradski.me\/en\/wp-json\/wp\/v2\/types\/post"}],"author":[{"embeddable":true,"href":"https:\/\/gradski.me\/en\/wp-json\/wp\/v2\/users\/1"}],"replies":[{"embeddable":true,"href":"https:\/\/gradski.me\/en\/wp-json\/wp\/v2\/comments?post=852031"}],"version-history":[{"count":0,"href":"https:\/\/gradski.me\/en\/wp-json\/wp\/v2\/posts\/852031\/revisions"}],"wp:featuredmedia":[{"embeddable":true,"href":"https:\/\/gradski.me\/en\/wp-json\/wp\/v2\/media\/750989"}],"wp:attachment":[{"href":"https:\/\/gradski.me\/en\/wp-json\/wp\/v2\/media?parent=852031"}],"wp:term":[{"taxonomy":"category","embeddable":true,"href":"https:\/\/gradski.me\/en\/wp-json\/wp\/v2\/categories?post=852031"},{"taxonomy":"post_tag","embeddable":true,"href":"https:\/\/gradski.me\/en\/wp-json\/wp\/v2\/tags?post=852031"},{"taxonomy":"naslovna","embeddable":true,"href":"https:\/\/gradski.me\/en\/wp-json\/wp\/v2\/naslovna?post=852031"}],"curies":[{"name":"wp","href":"https:\/\/api.w.org\/{rel}","templated":true}]}}