{"id":851887,"date":"2025-10-15T18:14:00","date_gmt":"2025-10-15T16:14:00","guid":{"rendered":"https:\/\/gradski.me\/?p=851887"},"modified":"2025-10-15T18:14:00","modified_gmt":"2025-10-15T16:14:00","slug":"njemacka-podstice-penzionere-da-bi-ublazila-nedostatak-radne-snage","status":"publish","type":"post","link":"https:\/\/gradski.me\/en\/svijet\/njemacka-podstice-penzionere-da-bi-ublazila-nedostatak-radne-snage\/","title":{"rendered":"Njema\u010dka podsti\u010de penzionere da bi ubla\u017eila nedostatak radne snage"},"content":{"rendered":"<p>Njema\u010dka vlada usvojila je danas nacrt zakona kojim podsti\u010de rad i nakon odlaska u penziju. Novi prijedlog predvi\u0111a da bi penzioneri koji odlu\u010de nastaviti raditi mogli zara\u0111ivati do 2.000 eura mjese\u010dno, a da pritom budu izuzeti od pla\u0107anja poreza. Ovim potezom najve\u0107a evropska ekonomija poku\u0161ava ubla\u017eiti nedostatak radne snage koji sve vi\u0161e poga\u0111a njeno tr\u017ei\u0161te rada.<\/p>\n\n\n\n<p>Prema planu, zakon bi trebao stupiti na snagu po\u010detkom 2026. godine, a procjene pokazuju da \u0107e bud\u017eet Njema\u010dke zbog izgubljenih poreznih prihoda biti umanjen za oko 890 miliona eura godi\u0161nje u periodu od 2026. do 2030. godine, navodi se u nacrtu zakona koji je pro\u0161le sedmice dostavljen agenciji Reuters.<\/p>\n\n\n\n<p>Demografske projekcije pokazuju da \u0107e se do 2030. godine broj radno sposobnih gra\u0111ana smanjiti za 6,3 miliona u odnosu na 2010. godinu, prema izvje\u0161taju njema\u010dkog ministarstva unutra\u0161njih poslova.<\/p>\n\n\n\n<p>Takav pad radne populacije mogao bi uticati na smanjenje bruto doma\u0107eg proizvoda po glavi stanovnika, budu\u0107i da \u0107e broj zaposlenih u odnosu na broj penzionera opadati.<\/p>\n\n\n\n<p>Njema\u010dke mjere za podsticanje du\u017eeg ostanka u svijetu rada dolaze u trenutku kada se vlade \u0161irom Evrope suo\u010davaju s istim problemom \u2013 nedostatkom radnika i rastu\u0107im pritiskom na penzione fondove. Mnoge zemlje stoga razmatraju penzione reforme kako bi produ\u017eile radni vijek i smanjile finansijski teret sistema.<\/p>\n\n\n\n<p>Ipak, rije\u010d je o dru\u0161tveno osjetljivoj temi koja \u010desto nosi visoku politi\u010dku cijenu za vlasti. To se pokazalo i u Francuskoj, gdje je tamo\u0161nji premijer ju\u010de odlu\u010dio odgoditi provo\u0111enje mirovinske reforme iz 2023. godine sve do poslije predsjedni\u010dkih izbora 2027., nakon \u0161to je popustio pritisku ljevi\u010darskih zastupnika, koji su taj potez postavili kao uslov njegovog politi\u010dkog opstanka.<\/p>","protected":false},"excerpt":{"rendered":"<p>Demografske projekcije pokazuju da \u0107e se do 2030. godine broj radno sposobnih gra\u0111ana smanjiti za 6,3 miliona u odnosu na 2010. godinu, prema izvje\u0161taju njema\u010dkog ministarstva unutra\u0161njih poslova<\/p>","protected":false},"author":1,"featured_media":851902,"comment_status":"open","ping_status":"open","sticky":false,"template":"","format":"standard","meta":{"_acf_changed":false,"footnotes":"","jetpack_publicize_message":"","jetpack_publicize_feature_enabled":true,"jetpack_social_post_already_shared":false,"jetpack_social_options":{"image_generator_settings":{"template":"highway","default_image_id":0,"font":"","enabled":false},"version":2}},"categories":[14],"tags":[673,5115,3948],"naslovna":[],"class_list":["post-851887","post","type-post","status-publish","format-standard","has-post-thumbnail","hentry","category-svijet","tag-njemacka","tag-penzioneri","tag-radna-snaga"],"acf":[],"jetpack_publicize_connections":[],"_links":{"self":[{"href":"https:\/\/gradski.me\/en\/wp-json\/wp\/v2\/posts\/851887","targetHints":{"allow":["GET"]}}],"collection":[{"href":"https:\/\/gradski.me\/en\/wp-json\/wp\/v2\/posts"}],"about":[{"href":"https:\/\/gradski.me\/en\/wp-json\/wp\/v2\/types\/post"}],"author":[{"embeddable":true,"href":"https:\/\/gradski.me\/en\/wp-json\/wp\/v2\/users\/1"}],"replies":[{"embeddable":true,"href":"https:\/\/gradski.me\/en\/wp-json\/wp\/v2\/comments?post=851887"}],"version-history":[{"count":0,"href":"https:\/\/gradski.me\/en\/wp-json\/wp\/v2\/posts\/851887\/revisions"}],"wp:featuredmedia":[{"embeddable":true,"href":"https:\/\/gradski.me\/en\/wp-json\/wp\/v2\/media\/851902"}],"wp:attachment":[{"href":"https:\/\/gradski.me\/en\/wp-json\/wp\/v2\/media?parent=851887"}],"wp:term":[{"taxonomy":"category","embeddable":true,"href":"https:\/\/gradski.me\/en\/wp-json\/wp\/v2\/categories?post=851887"},{"taxonomy":"post_tag","embeddable":true,"href":"https:\/\/gradski.me\/en\/wp-json\/wp\/v2\/tags?post=851887"},{"taxonomy":"naslovna","embeddable":true,"href":"https:\/\/gradski.me\/en\/wp-json\/wp\/v2\/naslovna?post=851887"}],"curies":[{"name":"wp","href":"https:\/\/api.w.org\/{rel}","templated":true}]}}