{"id":851801,"date":"2025-10-15T15:56:00","date_gmt":"2025-10-15T13:56:00","guid":{"rendered":"https:\/\/gradski.me\/?p=851801"},"modified":"2025-10-15T15:56:00","modified_gmt":"2025-10-15T13:56:00","slug":"djeca-iz-jpu-djine-vrbice-uce-o-svijetu-bez-barijera-2","status":"publish","type":"post","link":"https:\/\/gradski.me\/en\/drustvo\/djeca-iz-jpu-djine-vrbice-uce-o-svijetu-bez-barijera-2\/","title":{"rendered":"Djeca iz JPU \u201c\u0110ine Vrbice\u201d u\u010de o svijetu bez barijera"},"content":{"rendered":"<p><\/p>\n\n\n\n<p>U nedjelji kada se obilje\u017eavaju Dani inkluzije, djeca iz starije vaspitne grupe Javne pred\u0161kolske ustanove \u201c\u0110ina Vrbica\u201d posjetila su Biblioteku za slijepe Crne Gore.<\/p>\n\n\n\n<p>\u201cPrije skoro \u010detiri godine dogovorili smo saradnju sa Bibliotekom za slijepe Crne Gore, kada je direktorica na\u0161e Ustanove Bojana Razi\u0107 i direktor Bo\u017eidar Denda potpisali ugovor o donaciji. Tada smo dobili 34 audio publikacije koje su se pokazale kao izuzetno koristan na\u010din usvajanja sadr\u017eaja za djecu svih uzrasta,\u201d&nbsp;<strong>kazala je Dejana Prelevi\u0107, koordinatorka projekta u JPU \u201c\u0110ina Vrbica\u201d.<\/strong><\/p>\n\n\n\n<p>Prelevi\u0107 je istakla da su ovakvi projekti dragocjeni jer kod djece razvijaju razumijevanje razli\u010ditosti i empatiju, ali i motivi\u0161u vaspita\u010de da stvaraju nove oblike inkluzivnih aktivnosti.<\/p>\n\n\n\n<p>\u201cOva saradnja je primjer kako obrazovne i kulturne institucije zajedno mogu doprinositi inkluzivnom dru\u0161tvu. Svaka posjeta, svaka zajedni\u010dka aktivnost ostavlja dubok trag na djeci, oni u\u010de da je razli\u010ditost bogatstvo, a znanje dostupno svima,\u201d dodala je Prelevi\u0107.<\/p>\n\n\n\n<p><strong>&nbsp;Ana \u0110urovi\u0107, bibliotekarka u Biblioteci za slijepe Crne Gore je rekla<\/strong>&nbsp;\u201cveoma nam je drago \u0161to nastavljamo saradnju sa JPU \u2018\u0110ina Vrbica\u2019 i \u0161to djeci pred\u0161kolskog uzrasta mo\u017eemo pru\u017eiti pristup audio publikacijama koje poma\u017eu u razvijanju vje\u0161tina \u010ditanja i verbalnog izra\u017eavanja\u201d.<\/p>\n\n\n\n<p>Prema njenim rije\u010dima rana edukacija je klju\u010dna za razvoj empatije i razumijevanja me\u0111u djecom.<\/p>\n\n\n\n<p>\u201cKroz ovakve aktivnosti djeca u\u010de da svijet posmatraju druga\u010dijim o\u010dima, da razumiju va\u017enost pristupa informacijama za sve, bez obzira na prepreke. To je vrijednost koja ostaje sa njima i van vrti\u0107a,\u201d istakla je Djurovi\u0107.<\/p>\n\n\n\n<p>\u201cZajedno sa djecom iz starije vaspitne grupe i kolegama Bo\u0161kom Golubovi\u0107em, Draganom Bulatovi\u0107, medicinskom sestrom Slavicom \u0110uki\u0107 i asistentkinjom Minom, napravili smo \u2018tihu knjigu\u2019&nbsp;&nbsp;taktilnu knjigu koja \u0107e biti poklon korisnicima Biblioteke. Ona poma\u017ee razvoju ma\u0161te i kognitivnih sposobnosti, a mo\u017ee se \u010ditati putem dodira,\u201d kazala je&nbsp;<strong>\u017dana Goranovi\u0107, vaspita\u010dica u VJ \u201c\u0110ina Vrbica\u201d.<\/strong><\/p>\n\n\n\n<p>Tokom posjete, djeca su imala priliku da vide kako nastaju audio publikacije i izdanja na Brajevom pismu, da obi\u0111u tonski studio i snime pjesmice, kao i da u Brajevoj \u0161tampariji od\u0161tampaju svoja imena. Upoznala su se i sa taktilnim igrama prilago\u0111enim osobama sa o\u0161te\u0107enjem vida, poput \u201cIks-oks\u201d, \u201c\u0160aha\u201d i \u201cNe ljuti se, \u010dovje\u010de\u201d.<\/p>\n\n\n\n<p>Biblioteka za slijepe Crne Gore redovno donira publikacije u DAISY formatu ustanovama u zemlji, omogu\u0107avaju\u0107i pristup edukativnim i kulturnim sadr\u017eajima svima. Ovo je \u0161esta donacija Biblioteke u ovoj godini, a saradnja sa pred\u0161kolskim ustanovama ima poseban zna\u010daj jer najmla\u0111e u\u010di inkluziji od najranijeg uzrasta.<\/p>","protected":false},"excerpt":{"rendered":"<p>Saradnja\u00a0\u00a0JPU \u201cDjina Vrbica\u201c i Biblioteke za slijepe Crne Gore,\u00a0\u00a0primjer je kako obrazovne i kulturne institucije zajedno mogu doprinijeti inkluzivnom dru\u0161tvu, razvijati kod djece\u00a0\u00a0razumijevanje razli\u010ditosti i empatiju, ali i motivisati vaspita\u010de da stvaraju nove oblike inkluzivnih aktivnosti.<\/p>","protected":false},"author":1,"featured_media":851807,"comment_status":"open","ping_status":"open","sticky":false,"template":"","format":"standard","meta":{"_acf_changed":false,"footnotes":"","jetpack_publicize_message":"","jetpack_publicize_feature_enabled":true,"jetpack_social_post_already_shared":false,"jetpack_social_options":{"image_generator_settings":{"template":"highway","default_image_id":0,"font":"","enabled":false},"version":2}},"categories":[9],"tags":[9541,9542],"naslovna":[],"class_list":["post-851801","post","type-post","status-publish","format-standard","has-post-thumbnail","hentry","category-drustvo","tag-biblioteka-za-slijepe","tag-jpu-djina-vrbica"],"acf":[],"jetpack_publicize_connections":[],"_links":{"self":[{"href":"https:\/\/gradski.me\/en\/wp-json\/wp\/v2\/posts\/851801","targetHints":{"allow":["GET"]}}],"collection":[{"href":"https:\/\/gradski.me\/en\/wp-json\/wp\/v2\/posts"}],"about":[{"href":"https:\/\/gradski.me\/en\/wp-json\/wp\/v2\/types\/post"}],"author":[{"embeddable":true,"href":"https:\/\/gradski.me\/en\/wp-json\/wp\/v2\/users\/1"}],"replies":[{"embeddable":true,"href":"https:\/\/gradski.me\/en\/wp-json\/wp\/v2\/comments?post=851801"}],"version-history":[{"count":0,"href":"https:\/\/gradski.me\/en\/wp-json\/wp\/v2\/posts\/851801\/revisions"}],"wp:featuredmedia":[{"embeddable":true,"href":"https:\/\/gradski.me\/en\/wp-json\/wp\/v2\/media\/851807"}],"wp:attachment":[{"href":"https:\/\/gradski.me\/en\/wp-json\/wp\/v2\/media?parent=851801"}],"wp:term":[{"taxonomy":"category","embeddable":true,"href":"https:\/\/gradski.me\/en\/wp-json\/wp\/v2\/categories?post=851801"},{"taxonomy":"post_tag","embeddable":true,"href":"https:\/\/gradski.me\/en\/wp-json\/wp\/v2\/tags?post=851801"},{"taxonomy":"naslovna","embeddable":true,"href":"https:\/\/gradski.me\/en\/wp-json\/wp\/v2\/naslovna?post=851801"}],"curies":[{"name":"wp","href":"https:\/\/api.w.org\/{rel}","templated":true}]}}