{"id":851431,"date":"2025-10-14T22:20:00","date_gmt":"2025-10-14T20:20:00","guid":{"rendered":"https:\/\/gradski.me\/?p=851431"},"modified":"2025-10-14T22:20:00","modified_gmt":"2025-10-14T20:20:00","slug":"tramp-tijela-talaca-nisu-vracena-posao-nije-zavrsen","status":"publish","type":"post","link":"https:\/\/gradski.me\/en\/svijet\/tramp-tijela-talaca-nisu-vracena-posao-nije-zavrsen\/","title":{"rendered":"Tramp: Tijela talaca nisu vra\u0107ena, posao nije zavr\u0161en"},"content":{"rendered":"<p>&nbsp;Ameri\u010dki predsjednik Donald Tramp izjavio je da Izraelu nisu isporu\u010dena tijela talaca iz Pojasa Gaze kako je obe\u0107ano i njihov povratak ozna\u010dava drugu fazu sporazuma sa Hamasom.<\/p>\n\n\n\n<p>&#8222;Svih 20 talaca se vratilo, osje\u0107aju se dobro koliko se to mo\u017ee o\u010dekivati. Veliki teret je skinut, ali posao nije zavr\u0161en&#8220;, napisao je Tramp na mre\u017ei &#8222;Trut so\u0161l&#8220;.<\/p>\n\n\n\n<p>On je dodao da tijela talaca nisu vra\u0107ena, a \u0161to je bilo obe\u0107ano.<\/p>\n\n\n\n<p><\/p>","protected":false},"excerpt":{"rendered":"<p>&nbsp;Ameri\u010dki predsjednik Donald Tramp izjavio je da Izraelu nisu isporu\u010dena tijela talaca iz Pojasa Gaze kako je obe\u0107ano i njihov povratak ozna\u010dava drugu fazu sporazuma sa Hamasom. &#8222;Svih 20 talaca se vratilo, osje\u0107aju se dobro koliko se to mo\u017ee o\u010dekivati. Veliki teret je skinut, ali posao nije zavr\u0161en&#8220;, napisao je Tramp na mre\u017ei &#8222;Trut so\u0161l&#8220;. [&hellip;]<\/p>\n","protected":false},"author":1,"featured_media":652506,"comment_status":"open","ping_status":"open","sticky":false,"template":"","format":"standard","meta":{"_acf_changed":false,"footnotes":"","jetpack_publicize_message":"","jetpack_publicize_feature_enabled":true,"jetpack_social_post_already_shared":false,"jetpack_social_options":{"image_generator_settings":{"template":"highway","default_image_id":0,"font":"","enabled":false},"version":2}},"categories":[14],"tags":[70,751,536],"naslovna":[],"class_list":["post-851431","post","type-post","status-publish","format-standard","has-post-thumbnail","hentry","category-svijet","tag-sad","tag-taoci","tag-tramp"],"acf":[],"jetpack_publicize_connections":[],"_links":{"self":[{"href":"https:\/\/gradski.me\/en\/wp-json\/wp\/v2\/posts\/851431","targetHints":{"allow":["GET"]}}],"collection":[{"href":"https:\/\/gradski.me\/en\/wp-json\/wp\/v2\/posts"}],"about":[{"href":"https:\/\/gradski.me\/en\/wp-json\/wp\/v2\/types\/post"}],"author":[{"embeddable":true,"href":"https:\/\/gradski.me\/en\/wp-json\/wp\/v2\/users\/1"}],"replies":[{"embeddable":true,"href":"https:\/\/gradski.me\/en\/wp-json\/wp\/v2\/comments?post=851431"}],"version-history":[{"count":0,"href":"https:\/\/gradski.me\/en\/wp-json\/wp\/v2\/posts\/851431\/revisions"}],"wp:featuredmedia":[{"embeddable":true,"href":"https:\/\/gradski.me\/en\/wp-json\/wp\/v2\/media\/652506"}],"wp:attachment":[{"href":"https:\/\/gradski.me\/en\/wp-json\/wp\/v2\/media?parent=851431"}],"wp:term":[{"taxonomy":"category","embeddable":true,"href":"https:\/\/gradski.me\/en\/wp-json\/wp\/v2\/categories?post=851431"},{"taxonomy":"post_tag","embeddable":true,"href":"https:\/\/gradski.me\/en\/wp-json\/wp\/v2\/tags?post=851431"},{"taxonomy":"naslovna","embeddable":true,"href":"https:\/\/gradski.me\/en\/wp-json\/wp\/v2\/naslovna?post=851431"}],"curies":[{"name":"wp","href":"https:\/\/api.w.org\/{rel}","templated":true}]}}