{"id":851333,"date":"2025-10-14T19:19:00","date_gmt":"2025-10-14T17:19:00","guid":{"rendered":"https:\/\/gradski.me\/?p=851333"},"modified":"2025-10-14T19:19:00","modified_gmt":"2025-10-14T17:19:00","slug":"lazovic-oprezna-pred-sjutrasnji-mec-sa-portugalom-ne-volim-favorizaciju-u-bilo-kom-sportu-zelim-maksimalan-fokus","status":"publish","type":"post","link":"https:\/\/gradski.me\/en\/sport\/lazovic-oprezna-pred-sjutrasnji-mec-sa-portugalom-ne-volim-favorizaciju-u-bilo-kom-sportu-zelim-maksimalan-fokus\/","title":{"rendered":"Lazovi\u0107 oprezna pred sjutra\u0161nji me\u010d sa Portugalom: Ne volim favorizaciju u bilo kom sportu, \u017eelim maksimalan fokus"},"content":{"rendered":"<p>&#8222;Lavice&#8220; \u0107e sjutra od 18 sati u &#8222;Bemaks areni&#8220; ugostiti selekciju Portugala na otvaranju kvalifikacija za Evropsko prvenstvo. <\/p>\n\n\n\n<p>Izabranice Suzane Lazovi\u0107 upravo su posljednje duele igrale protiv Portugalki, u martu, kada su ih dobile u dvome\u010du za bara\u017e za odlazak na Svjetsko prvenstvo.<\/p>\n\n\n\n<p>&#8222;O\u010dekuje nas te\u0161ka utakmica, potrebni su nam fokus i energija pogotovo zato \u0161to igramo kod ku\u0107e. Nisu nam nepoznanica, a nismo ni mi njima. Sigurno \u0107e se takti\u010dki spremati da isprave sve ono \u0161to je bilo lo\u0161e u prethodna dva me\u010da. Mi smo naravno  takti\u010dki spremili ono \u0161to mislimo da \u0107e presuditi na sjutra\u0161njoj utakmici, vodi\u0107emo se odbranom, da realizujemo tranziciju iz dobre odbrane, ali naravno i u napadu mislim da \u0107emo takti\u010dki pokazati ne\u0161to \u0161to do sada nismo&#8220;, kazala je Lazovi\u0107 u najavi utakmice. <\/p>\n\n\n\n<p>Crna Gora je apsolutni favorit, ali to mora pokazati na terenu. <\/p>\n\n\n\n<p>&#8222;Ja nisam neko ko voli favorizaciju i bilo kom sportu, a pogotovo u rukometu. Sve je mogu\u0107e, treba da se pripremimo za svaku reprezentaciju najbolje mogu\u0107e, da u\u0111emo u bit njihovog funkcionisanja sistema, na\u010dina na koji \u017eele da nas napadaju i na koji na\u010din \u017eele da rije\u0161e utakmicu. Bez obzira na to \u0161to smo favoriti, moramo da prisutupimo i na ovoj i na svakoj sljede\u0107oj utakmici najozbiljnije mogu\u0107e&#8220;, isti\u010de legendarna rukometa\u0161ica. <\/p>\n\n\n\n<p>Selektorka, kao i igra\u010dice, \u017eeljne su me\u010deva pred doma\u0107om publikom. Ulaz je besplatan.<\/p>\n\n\n\n<p>&#8222;O\u010dekujemo pune tribine, da do\u0111u da nas podr\u017ee, da nam daju tu dodatnu energiju koja \u0107e nam sigurno biti potrebna sjutra&#8220;. <\/p>\n\n\n\n<p>Predstoje\u0107i duel bi\u0107e i prilika za neke mla\u0111e igra\u010dice.<\/p>\n\n\n\n<p>&#8222;S obzirom da nismo ju\u010de bili u mogu\u0107nosti da uradimo rukometni trening, odradili smo jedan vid aktivacije u teretani. Neke igra\u010dice su imale utakmicu u nedjelju, neke su ve\u0107 desetak dana bez utakmica. \u0160to se ti\u010de samopouzdanja mislim da je to sastavni dio sporta i da \u0107e one mentalnu stabilnost pokazati na svakom okupljanju, nebitno je da li je to rukometni klub Budu\u0107nost, \u0110er, Bukure\u0161t, ili bilo koja ekipa, to je sport. Svaka je pobjeda od danas do sjutra, svaki je poraz od danas do sjutra, bitno je samo da se \u0161to prije iza\u0111e iz svega toga i da se zna za\u0161to i zbog \u010dega su tu&#8220;, zaklju\u010dila je Lazovi\u0107. <\/p>\n\n\n\n<p>&#8222;Lavice&#8220; \u0107e nakon duela sa Portugalom, ve\u0107 18. oktobra gostovati na Farskim Ostrvima. U na\u0161oj grupi nalazi se jo\u0161 Island.<\/p>","protected":false},"excerpt":{"rendered":"<p>Rukometa\u0161ice Crne Gore vra\u0107aju se na teren poslije vi\u0161e od pola godine pauze. <\/p>","protected":false},"author":1,"featured_media":851365,"comment_status":"open","ping_status":"open","sticky":false,"template":"","format":"standard","meta":{"_acf_changed":false,"footnotes":"","jetpack_publicize_message":"","jetpack_publicize_feature_enabled":true,"jetpack_social_post_already_shared":false,"jetpack_social_options":{"image_generator_settings":{"template":"highway","default_image_id":0,"font":"","enabled":false},"version":2}},"categories":[15],"tags":[5055,6665,5772,8621],"naslovna":[],"class_list":["post-851333","post","type-post","status-publish","format-standard","has-post-thumbnail","hentry","category-sport","tag-kvalifikacije-za-evropsko-prvenstvo","tag-suzana-lazovic","tag-zenska-rukometna-reprezentacija-crne-gore","tag-zenska-rukometna-reprezentacija-portugala"],"acf":[],"jetpack_publicize_connections":[],"_links":{"self":[{"href":"https:\/\/gradski.me\/en\/wp-json\/wp\/v2\/posts\/851333","targetHints":{"allow":["GET"]}}],"collection":[{"href":"https:\/\/gradski.me\/en\/wp-json\/wp\/v2\/posts"}],"about":[{"href":"https:\/\/gradski.me\/en\/wp-json\/wp\/v2\/types\/post"}],"author":[{"embeddable":true,"href":"https:\/\/gradski.me\/en\/wp-json\/wp\/v2\/users\/1"}],"replies":[{"embeddable":true,"href":"https:\/\/gradski.me\/en\/wp-json\/wp\/v2\/comments?post=851333"}],"version-history":[{"count":0,"href":"https:\/\/gradski.me\/en\/wp-json\/wp\/v2\/posts\/851333\/revisions"}],"wp:featuredmedia":[{"embeddable":true,"href":"https:\/\/gradski.me\/en\/wp-json\/wp\/v2\/media\/851365"}],"wp:attachment":[{"href":"https:\/\/gradski.me\/en\/wp-json\/wp\/v2\/media?parent=851333"}],"wp:term":[{"taxonomy":"category","embeddable":true,"href":"https:\/\/gradski.me\/en\/wp-json\/wp\/v2\/categories?post=851333"},{"taxonomy":"post_tag","embeddable":true,"href":"https:\/\/gradski.me\/en\/wp-json\/wp\/v2\/tags?post=851333"},{"taxonomy":"naslovna","embeddable":true,"href":"https:\/\/gradski.me\/en\/wp-json\/wp\/v2\/naslovna?post=851333"}],"curies":[{"name":"wp","href":"https:\/\/api.w.org\/{rel}","templated":true}]}}