{"id":851055,"date":"2025-10-14T14:04:31","date_gmt":"2025-10-14T12:04:31","guid":{"rendered":"https:\/\/gradski.me\/?p=851055"},"modified":"2025-10-14T14:04:31","modified_gmt":"2025-10-14T12:04:31","slug":"ministarstvo-turizma-dolazak-wizz-air-a-predstavlja-znacaj-korak-ka-unapredjenju-medjunarodne-dostupnosti-crne-gore","status":"publish","type":"post","link":"https:\/\/gradski.me\/en\/ekonomija\/ministarstvo-turizma-dolazak-wizz-air-a-predstavlja-znacaj-korak-ka-unapredjenju-medjunarodne-dostupnosti-crne-gore\/","title":{"rendered":"Ministarstvo turizma: Dolazak Wizz Air-a predstavlja zna\u010daj korak ka unapre\u0111enju me\u0111unarodne dostupnosti Crne Gore"},"content":{"rendered":"<p>&#8222;Otvaranje baze jednog od najve\u0107ih evropskih niskotarifnih prevoznika predstavlja zna\u010dajan korak ka unapre\u0111enju me\u0111unarodne dostupnosti Crne Gore, pove\u0107anju broja turista i produ\u017eenju turisti\u010dke sezone&#8220;, stoji u sop\u0161tenju.<\/p>\n\n\n\n<p><br>Iz Ministarstva turizma su posebno pohvalil napore Aerodroma Crne Gore i Ministarstva saobra\u0107aja, &#8222;koji su kroz partnersku saradnju i strate\u0161ko djelovanje doprinijeli ostvarenju ovog va\u017enog projekta&#8220;.<\/p>\n\n\n\n<p><br>&#8222;Pove\u0107anje broja avio-linija i bolja povezanost sa evropskim destinacijama doprinije\u0107e daljem rastu turisti\u010dkog prometa, ve\u0107em prilivu stranih gostiju, ali i dodatnom smanjenju sezonalnosti, \u0161to je jedan od klju\u010dnih ciljeva Ministarstva turizma&#8220;, navodi se u saop\u0161tenju.<\/p>\n\n\n\n<p>Iz Ministarstva zaklju\u010duju da je Avio povezanost jedan od najva\u017enijih preduslova za odr\u017eivi rast i razvoj turizma, a &#8222;projekti poput ovog potvr\u0111uju da Crna Gora ide u pravcu dugoro\u010dne stabilnosti i konkurentnosti na me\u0111unarodnom tr\u017ei\u0161tu&#8220;.<\/p>\n\n\n\n<p><\/p>","protected":false},"excerpt":{"rendered":"<p>Ministarstvo turizma Crne Gore sa zadovoljstvom pozdravlja najavu kompanije Wizz Air da od marta 2026. godine otvori bazu na Aerodromu Podgorica i uspostavi 14 novih avio-linija, saop\u0161teno je iz Ministarstva turizma.<\/p>","protected":false},"author":1,"featured_media":686967,"comment_status":"open","ping_status":"open","sticky":false,"template":"","format":"standard","meta":{"_acf_changed":false,"footnotes":"","jetpack_publicize_message":"","jetpack_publicize_feature_enabled":true,"jetpack_social_post_already_shared":false,"jetpack_social_options":{"image_generator_settings":{"template":"highway","default_image_id":0,"font":"","enabled":false},"version":2}},"categories":[8],"tags":[188,478,8346],"naslovna":[],"class_list":["post-851055","post","type-post","status-publish","format-standard","has-post-thumbnail","hentry","category-ekonomija","tag-crna-gora","tag-turizam","tag-wizz-air"],"acf":[],"jetpack_publicize_connections":[],"_links":{"self":[{"href":"https:\/\/gradski.me\/en\/wp-json\/wp\/v2\/posts\/851055","targetHints":{"allow":["GET"]}}],"collection":[{"href":"https:\/\/gradski.me\/en\/wp-json\/wp\/v2\/posts"}],"about":[{"href":"https:\/\/gradski.me\/en\/wp-json\/wp\/v2\/types\/post"}],"author":[{"embeddable":true,"href":"https:\/\/gradski.me\/en\/wp-json\/wp\/v2\/users\/1"}],"replies":[{"embeddable":true,"href":"https:\/\/gradski.me\/en\/wp-json\/wp\/v2\/comments?post=851055"}],"version-history":[{"count":0,"href":"https:\/\/gradski.me\/en\/wp-json\/wp\/v2\/posts\/851055\/revisions"}],"wp:featuredmedia":[{"embeddable":true,"href":"https:\/\/gradski.me\/en\/wp-json\/wp\/v2\/media\/686967"}],"wp:attachment":[{"href":"https:\/\/gradski.me\/en\/wp-json\/wp\/v2\/media?parent=851055"}],"wp:term":[{"taxonomy":"category","embeddable":true,"href":"https:\/\/gradski.me\/en\/wp-json\/wp\/v2\/categories?post=851055"},{"taxonomy":"post_tag","embeddable":true,"href":"https:\/\/gradski.me\/en\/wp-json\/wp\/v2\/tags?post=851055"},{"taxonomy":"naslovna","embeddable":true,"href":"https:\/\/gradski.me\/en\/wp-json\/wp\/v2\/naslovna?post=851055"}],"curies":[{"name":"wp","href":"https:\/\/api.w.org\/{rel}","templated":true}]}}