{"id":850854,"date":"2025-10-14T07:30:00","date_gmt":"2025-10-14T05:30:00","guid":{"rendered":"https:\/\/gradski.me\/?p=850854"},"modified":"2026-03-11T09:24:04","modified_gmt":"2026-03-11T08:24:04","slug":"abdic-odavao-informacije-o-zdravstvenom-stanju-mitropolita-amfilohija","status":"publish","type":"post","link":"https:\/\/gradski.me\/en\/hronika\/abdic-odavao-informacije-o-zdravstvenom-stanju-mitropolita-amfilohija\/","title":{"rendered":"Radevi\u0107: Abdi\u0107 odavao informacije o zdravstvenom stanju mitropolita Amfilohija, o\u010digledno zaboravio \u0161ta zna\u010di ljekarska etika"},"content":{"rendered":"<p><\/p>\n\n\n\n<p>U prepisci se navodi da je Bo\u0161kovi\u0107 okrivljenom Aleksandru Mijajlovi\u0107u poslao poruku sadr\u017eine: &#8222;Nermin mi javlja da nije jo\u0161 ali samo \u010dekaju&#8220;, a okrivljeni Aleksandar Mijajlovi\u0107 okrivljenom Predragu Bo\u0161kovi\u0107u poruku sadr\u017eine: &#8222;Borovini\u0107 krije 100%&#8220;, da bi 29. oktobra 2020. godine, okrivljeni Bo\u0161kovi\u0107 okrivljenom Mijajlovi\u0107u poslao poruke sadr\u017eine: &#8222;Radovi\u0107 Risto Amfilohije, ro\u0111en 1938. godine, iz Cetinja. Preveden iz OB Cetinje na Odjeljenje pulmologije-Poluintenzivna jedinica, gdje je lije\u010den 6. 10. 2020. godine. PCR na SARS-CoV-2 od 6. oktobra pozitivan. Dg. Infectio Coronaviralis-COVID19. Pneumonia bilateralis. HTA. Pacijent bio na NIV-CPAP, potom na NIV-Helmet. Dana 29. oktobra 2020. godine zbog pogor\u0161anja respiratornog obrasca, pneumomedijastinuma i pneumotoraksa intubiran i i priklju\u010den na mehani\u010dku ventilaciju&#8230; \u017divotno ugro\u017een&#8230; Ne javi nikome&#8220;&#8230;<\/p>\n\n\n\n<p>Generalni sekretar SCG navodi da nakon Jevta Erakovi\u0107a, i Nermin Abdi\u0107 o\u010digledno zaboravlja \u0161ta zna\u010di ljekarska etika i javno prepri\u010dava zdravstveno stanje mitropolita Amfilohija onima &#8222;koji jedva \u010dekaju vijest o njegovoj smrti&#8220;.<\/p>\n\n\n\n<p>&#8222;Da li \u0107e iko kona\u010dno reagovati? Da li je ovo dovoljno da se pokrenu pravne procedure protiv onih koji su bez imalo odgovornosti iznosili povjerljive medicinske podatke? Bacili su KBC Crne Gore pod noge&#8220;, kazao je Radevi\u0107.<\/p>\n\n\n\n<p>Podsje\u0107amo, Specijalno dr\u017eavno tu\u017eila\u0161tvo (SDT) u Naredbi o sprovo\u0111enju istrage protiv osumnji\u010dene kriminalne grupe Aleksandra Mijajlovi\u0107a tvrdi da je informacije o zdravstvenom stanju pokojnog mitripolita Amfilohija dostavljao tada direktor KCCG, danas poslanik DPS, Jevto Erakovi\u0107.<\/p>\n\n\n\n<figure class=\"wp-block-image size-full\"><img fetchpriority=\"high\" decoding=\"async\" width=\"938\" height=\"936\" src=\"https:\/\/new.gradski.me\/wp-content\/uploads\/2025\/10\/boban-radevic-nermin-abdic-.jpg\" alt=\"\" class=\"wp-image-850855\" title=\"\" srcset=\"https:\/\/gradski.me\/wp-content\/uploads\/2025\/10\/boban-radevic-nermin-abdic-.jpg 938w, https:\/\/gradski.me\/wp-content\/uploads\/2025\/10\/boban-radevic-nermin-abdic--300x300.jpg 300w, https:\/\/gradski.me\/wp-content\/uploads\/2025\/10\/boban-radevic-nermin-abdic--150x150.jpg 150w, https:\/\/gradski.me\/wp-content\/uploads\/2025\/10\/boban-radevic-nermin-abdic--768x766.jpg 768w\" sizes=\"(max-width: 938px) 100vw, 938px\" \/><\/figure>\n\n\n\n<p><\/p>","protected":false},"excerpt":{"rendered":"<p>Generalni sekretar Slobodne Crne Gore Boban Radevi\u0107 objavio je na dru\u0161tvenim mre\u017eama dio prepiske u kojoj se vidi kako poslanik DPS-a i ljekar u KCCG, Nermin Abdi\u0107 javlja informacije o zdravstvenom stanju pokojnog mitropolita crnogorsko-primorskog Amfilohija Radovi\u0107a.<\/p>","protected":false},"author":1,"featured_media":557275,"comment_status":"open","ping_status":"open","sticky":false,"template":"","format":"standard","meta":{"_acf_changed":false,"footnotes":"","jetpack_publicize_message":"","jetpack_publicize_feature_enabled":true,"jetpack_social_post_already_shared":false,"jetpack_social_options":{"image_generator_settings":{"template":"highway","default_image_id":0,"font":"","enabled":false},"version":2}},"categories":[10],"tags":[8861,9383],"naslovna":[],"class_list":["post-850854","post","type-post","status-publish","format-standard","has-post-thumbnail","hentry","category-hronika","tag-mitropolit-amfilohije","tag-nermin-abdic"],"acf":[],"jetpack_publicize_connections":[],"_links":{"self":[{"href":"https:\/\/gradski.me\/en\/wp-json\/wp\/v2\/posts\/850854","targetHints":{"allow":["GET"]}}],"collection":[{"href":"https:\/\/gradski.me\/en\/wp-json\/wp\/v2\/posts"}],"about":[{"href":"https:\/\/gradski.me\/en\/wp-json\/wp\/v2\/types\/post"}],"author":[{"embeddable":true,"href":"https:\/\/gradski.me\/en\/wp-json\/wp\/v2\/users\/1"}],"replies":[{"embeddable":true,"href":"https:\/\/gradski.me\/en\/wp-json\/wp\/v2\/comments?post=850854"}],"version-history":[{"count":1,"href":"https:\/\/gradski.me\/en\/wp-json\/wp\/v2\/posts\/850854\/revisions"}],"predecessor-version":[{"id":936148,"href":"https:\/\/gradski.me\/en\/wp-json\/wp\/v2\/posts\/850854\/revisions\/936148"}],"wp:featuredmedia":[{"embeddable":true,"href":"https:\/\/gradski.me\/en\/wp-json\/wp\/v2\/media\/557275"}],"wp:attachment":[{"href":"https:\/\/gradski.me\/en\/wp-json\/wp\/v2\/media?parent=850854"}],"wp:term":[{"taxonomy":"category","embeddable":true,"href":"https:\/\/gradski.me\/en\/wp-json\/wp\/v2\/categories?post=850854"},{"taxonomy":"post_tag","embeddable":true,"href":"https:\/\/gradski.me\/en\/wp-json\/wp\/v2\/tags?post=850854"},{"taxonomy":"naslovna","embeddable":true,"href":"https:\/\/gradski.me\/en\/wp-json\/wp\/v2\/naslovna?post=850854"}],"curies":[{"name":"wp","href":"https:\/\/api.w.org\/{rel}","templated":true}]}}