{"id":849911,"date":"2025-10-12T13:18:00","date_gmt":"2025-10-12T11:18:00","guid":{"rendered":"https:\/\/gradski.me\/?p=849911"},"modified":"2025-10-12T13:18:00","modified_gmt":"2025-10-12T11:18:00","slug":"zvanicno-djalovic-novi-trener-kajzerispora","status":"publish","type":"post","link":"https:\/\/gradski.me\/en\/sport\/zvanicno-djalovic-novi-trener-kajzerispora\/","title":{"rendered":"Zvani\u010dno: \u0110alovi\u0107 novi trener Kajzerispora"},"content":{"rendered":"<p>Kako je objavio turski klub, ugovor je potpisan na godinu i po dana<\/p>\n\n\n\n<p>&#8222;\u017delimo da ovaj dogovor bude na dobrobit i Radomira \u0110alovi\u0107a i na\u0161eg kluba&#8220;, stoji u saop\u0161tenju Kajzerispora.<\/p>\n\n\n\n<p>Kajzerispor je u prvih osam me\u010deva doma\u0107eg \u0161ampionata zabilje\u017eio pet nerije\u0161enih rezultata i tri poraza.<\/p>\n\n\n\n<p>Crnogorski trener imao je uspjeha u&nbsp;<strong>Rijeci<\/strong>&nbsp;sa kojom je osvojio titulu pro\u0161le sezone.&nbsp;<\/p>\n\n\n\n<p>Me\u0111utim, lo\u0161e je po\u010deo novu, pa je ubrzo smijenjen.<\/p>\n\n\n\n<p>Potom je preuzeo&nbsp;<strong>Maribor<\/strong>.<\/p>\n\n\n\n<p>Po\u010deo je dobro, ostvario dvije pobjede u prvenstvu, ali se onda dogodio incident na treningu me\u0111u igra\u010dima.<\/p>\n\n\n\n<p>Tada je dobio udarac od jednog od aktera i podnio je neopozivu ostavku.<\/p>\n\n\n\n<p>Ovo mu je tre\u0107i posao u kratkom vremenskom periodu.<\/p>","protected":false},"excerpt":{"rendered":"<p>Radomir \u0110alovi\u0107\u00a0je novi trener\u00a0Kajzerispora.<\/p>","protected":false},"author":1,"featured_media":849912,"comment_status":"open","ping_status":"open","sticky":false,"template":"","format":"standard","meta":{"_acf_changed":false,"footnotes":"","jetpack_publicize_message":"","jetpack_publicize_feature_enabled":true,"jetpack_social_post_already_shared":false,"jetpack_social_options":{"image_generator_settings":{"template":"highway","default_image_id":0,"font":"","enabled":false},"version":2}},"categories":[15],"tags":[9220,763],"naslovna":[],"class_list":["post-849911","post","type-post","status-publish","format-standard","has-post-thumbnail","hentry","category-sport","tag-kajzerispor","tag-radomir-djalovic"],"acf":[],"jetpack_publicize_connections":[],"_links":{"self":[{"href":"https:\/\/gradski.me\/en\/wp-json\/wp\/v2\/posts\/849911","targetHints":{"allow":["GET"]}}],"collection":[{"href":"https:\/\/gradski.me\/en\/wp-json\/wp\/v2\/posts"}],"about":[{"href":"https:\/\/gradski.me\/en\/wp-json\/wp\/v2\/types\/post"}],"author":[{"embeddable":true,"href":"https:\/\/gradski.me\/en\/wp-json\/wp\/v2\/users\/1"}],"replies":[{"embeddable":true,"href":"https:\/\/gradski.me\/en\/wp-json\/wp\/v2\/comments?post=849911"}],"version-history":[{"count":0,"href":"https:\/\/gradski.me\/en\/wp-json\/wp\/v2\/posts\/849911\/revisions"}],"wp:featuredmedia":[{"embeddable":true,"href":"https:\/\/gradski.me\/en\/wp-json\/wp\/v2\/media\/849912"}],"wp:attachment":[{"href":"https:\/\/gradski.me\/en\/wp-json\/wp\/v2\/media?parent=849911"}],"wp:term":[{"taxonomy":"category","embeddable":true,"href":"https:\/\/gradski.me\/en\/wp-json\/wp\/v2\/categories?post=849911"},{"taxonomy":"post_tag","embeddable":true,"href":"https:\/\/gradski.me\/en\/wp-json\/wp\/v2\/tags?post=849911"},{"taxonomy":"naslovna","embeddable":true,"href":"https:\/\/gradski.me\/en\/wp-json\/wp\/v2\/naslovna?post=849911"}],"curies":[{"name":"wp","href":"https:\/\/api.w.org\/{rel}","templated":true}]}}